{"id":881,"date":"2024-07-01T10:52:36","date_gmt":"2024-07-01T10:52:36","guid":{"rendered":"https:\/\/aeroganp.org\/a-primeira-edicao-do-forum-para-a-inovacao-o-talento-e-a-educacao-aeroespacial-fitea-chega-a-madrid\/"},"modified":"2024-07-01T11:03:45","modified_gmt":"2024-07-01T11:03:45","slug":"a-primeira-edicao-do-forum-para-a-inovacao-o-talento-e-a-educacao-aeroespacial-fitea-chega-a-madrid","status":"publish","type":"post","link":"https:\/\/aeroganp.org\/pt-pt\/a-primeira-edicao-do-forum-para-a-inovacao-o-talento-e-a-educacao-aeroespacial-fitea-chega-a-madrid\/","title":{"rendered":"A primeira edi\u00e7\u00e3o do F\u00f3rum para a Inova\u00e7\u00e3o, o Talento e a Educa\u00e7\u00e3o Aeroespacial (FITEA) chega a Madrid"},"content":{"rendered":"\n<p>Organizado por Virtual Educa e Ellas Vuelan Alto, o FITEA realizar-se-\u00e1 no Centro de Congressos e Conven\u00e7\u00f5es Meli\u00e1 Avenida de Am\u00e9rica, em Madrid, de 29 a 31 de outubro de 2024. Ao longo de dois dias e meio, os participantes poder\u00e3o partilhar as suas ideias e experi\u00eancias, com o objetivo de inspirar, educar e estabelecer liga\u00e7\u00f5es com a pr\u00f3xima gera\u00e7\u00e3o para incentivar a sua participa\u00e7\u00e3o na ind\u00fastria aeroespacial e nas disciplinas STEM. O f\u00f3rum destacar\u00e1 tamb\u00e9m a visibilidade e o papel fundamental das mulheres na ci\u00eancia e na tecnologia.<\/p>\n\n<p>Entre os destaques do FITEA est\u00e1 a final internacional da segunda edi\u00e7\u00e3o do &#8220;Mars Challenge&#8221;, um concurso que desafia os jovens a desenvolver solu\u00e7\u00f5es inovadoras para problemas globais cr\u00edticos, como o acesso universal \u00e0 \u00e1gua pot\u00e1vel. Al\u00e9m disso, o f\u00f3rum contar\u00e1 com palestras e workshops interactivos de l\u00edderes e especialistas do sector.<\/p>\n\n<p>Com a presen\u00e7a confirmada de Sara Garc\u00eda Alonso, a primeira espanhola no corpo de reserva de astronautas da Ag\u00eancia Espacial Europeia (ESA), o FITEA promete ser um ponto de encontro fundamental para o futuro do sector aeroespacial. Prev\u00ea-se a participa\u00e7\u00e3o presencial de 1.500 pessoas e a participa\u00e7\u00e3o virtual de mais de 20.000 pessoas de 20 pa\u00edses, consolidando o f\u00f3rum como uma refer\u00eancia no ensino e na tecnologia aeroespacial.<\/p>\n\n<p>Os temas abordados no f\u00f3rum incluem<\/p>\n\n<ul class=\"wp-block-list\">\n<li>Mulheres, espa\u00e7o e ci\u00eancia: promover a igualdade de g\u00e9nero e o interesse pelas ci\u00eancias aeroespaciais.<\/li>\n\n\n\n<li>Inova\u00e7\u00e3o aeroespacial: explorar a converg\u00eancia da inova\u00e7\u00e3o e do talento na ind\u00fastria aeroespacial.<\/li>\n\n\n\n<li>Novas fronteiras: investiga\u00e7\u00e3o dos mais recentes desenvolvimentos em mat\u00e9ria de intelig\u00eancia artificial, rob\u00f3tica e mobilidade a\u00e9rea.<\/li>\n\n\n\n<li>Aerodutec: inovar a educa\u00e7\u00e3o para al\u00e9m da sala de aula atrav\u00e9s da tecnologia aeroespacial.<\/li>\n<\/ul>\n\n<p>O evento contar\u00e1 tamb\u00e9m com uma \u00e1rea de exposi\u00e7\u00e3o onde as empresas aeroespaciais, as organiza\u00e7\u00f5es educativas e as empresas em fase de arranque apresentar\u00e3o os seus mais recentes desenvolvimentos e tecnologias. Al\u00e9m disso, o Centro de Talentos proporcionar\u00e1 uma plataforma para a procura e apresenta\u00e7\u00e3o de talentos.<\/p>\n\n<p>Os bilhetes estar\u00e3o dispon\u00edveis no s\u00edtio Web oficial do FITEA a partir de 25 de junho. Os estudantes, professores e empresas interessados em participar ter\u00e3o acesso a benef\u00edcios exclusivos durante o f\u00f3rum.<\/p>\n\n<div class=\"wp-block-buttons is-layout-flex wp-block-buttons-is-layout-flex\">\n<div class=\"wp-block-button is-style-outline is-style-outline--1\"><a class=\"wp-block-button__link has-black-color has-white-background-color has-text-color has-background has-link-color wp-element-button\" href=\"https:\/\/ellasvuelanalto.com\/ellas-vuelan-alto-organiza-el-primer-foro-de-innovacion-talento-y-educacion-aeroespacial\/\">_Mais informa\u00e7\u00f5es<\/a><\/div>\n<\/div>\n","protected":false},"excerpt":{"rendered":"<p>Organizado por Virtual Educa e Ellas Vuelan Alto, o FITEA realizar-se-\u00e1 no Centro de Congressos e Conven\u00e7\u00f5es Meli\u00e1 Avenida de Am\u00e9rica, em Madrid, de 29 a 31 de outubro de 2024. Ao longo de dois dias e meio, os participantes poder\u00e3o partilhar as suas ideias e experi\u00eancias, com o objetivo de inspirar, educar e estabelecer [&hellip;]<\/p>\n","protected":false},"author":1,"featured_media":875,"comment_status":"closed","ping_status":"open","sticky":false,"template":"","format":"standard","meta":{"_acf_changed":false,"footnotes":""},"categories":[19,18],"tags":[],"class_list":["post-881","post","type-post","status-publish","format-standard","has-post-thumbnail","hentry","category-eventos-pt-pt","category-noticias-pt-pt"],"acf":[],"yoast_head":"<!-- This site is optimized with the Yoast SEO plugin v27.5 - https:\/\/yoast.com\/product\/yoast-seo-wordpress\/ -->\n<title>A primeira edi\u00e7\u00e3o do F\u00f3rum para a Inova\u00e7\u00e3o, o Talento e a Educa\u00e7\u00e3o Aeroespacial (FITEA) chega a Madrid - AeroGanp<\/title>\n<meta name=\"robots\" content=\"index, follow, max-snippet:-1, max-image-preview:large, max-video-preview:-1\" \/>\n<link rel=\"canonical\" href=\"https:\/\/aeroganp.org\/pt-pt\/a-primeira-edicao-do-forum-para-a-inovacao-o-talento-e-a-educacao-aeroespacial-fitea-chega-a-madrid\/\" \/>\n<meta property=\"og:locale\" content=\"pt_PT\" \/>\n<meta property=\"og:type\" content=\"article\" \/>\n<meta property=\"og:title\" content=\"A primeira edi\u00e7\u00e3o do F\u00f3rum para a Inova\u00e7\u00e3o, o Talento e a Educa\u00e7\u00e3o Aeroespacial (FITEA) chega a Madrid - AeroGanp\" \/>\n<meta property=\"og:description\" content=\"Organizado por Virtual Educa e Ellas Vuelan Alto, o FITEA realizar-se-\u00e1 no Centro de Congressos e Conven\u00e7\u00f5es Meli\u00e1 Avenida de Am\u00e9rica, em Madrid, de 29 a 31 de outubro de 2024. Ao longo de dois dias e meio, os participantes poder\u00e3o partilhar as suas ideias e experi\u00eancias, com o objetivo de inspirar, educar e estabelecer [&hellip;]\" \/>\n<meta property=\"og:url\" content=\"https:\/\/aeroganp.org\/pt-pt\/a-primeira-edicao-do-forum-para-a-inovacao-o-talento-e-a-educacao-aeroespacial-fitea-chega-a-madrid\/\" \/>\n<meta property=\"og:site_name\" content=\"AeroGanp\" \/>\n<meta property=\"article:publisher\" content=\"https:\/\/www.facebook.com\/poctepaeroganp\/\" \/>\n<meta property=\"article:published_time\" content=\"2024-07-01T10:52:36+00:00\" \/>\n<meta property=\"article:modified_time\" content=\"2024-07-01T11:03:45+00:00\" \/>\n<meta property=\"og:image\" content=\"https:\/\/aeroganp.org\/wp-content\/uploads\/2024\/06\/31054.jpg\" \/>\n\t<meta property=\"og:image:width\" content=\"2000\" \/>\n\t<meta property=\"og:image:height\" content=\"1333\" \/>\n\t<meta property=\"og:image:type\" content=\"image\/jpeg\" \/>\n<meta name=\"author\" content=\"admin\" \/>\n<meta name=\"twitter:card\" content=\"summary_large_image\" \/>\n<meta name=\"twitter:label1\" content=\"Escrito por\" \/>\n\t<meta name=\"twitter:data1\" content=\"admin\" \/>\n\t<meta name=\"twitter:label2\" content=\"Tempo estimado de leitura\" \/>\n\t<meta name=\"twitter:data2\" content=\"2 minutos\" \/>\n<script type=\"application\/ld+json\" class=\"yoast-schema-graph\">{\"@context\":\"https:\\\/\\\/schema.org\",\"@graph\":[{\"@type\":\"Article\",\"@id\":\"https:\\\/\\\/aeroganp.org\\\/pt-pt\\\/a-primeira-edicao-do-forum-para-a-inovacao-o-talento-e-a-educacao-aeroespacial-fitea-chega-a-madrid\\\/#article\",\"isPartOf\":{\"@id\":\"https:\\\/\\\/aeroganp.org\\\/pt-pt\\\/a-primeira-edicao-do-forum-para-a-inovacao-o-talento-e-a-educacao-aeroespacial-fitea-chega-a-madrid\\\/\"},\"author\":{\"name\":\"admin\",\"@id\":\"https:\\\/\\\/aeroganp.org\\\/#\\\/schema\\\/person\\\/6aee36d3adaf920c6ee370f37eb2bb70\"},\"headline\":\"A primeira edi\u00e7\u00e3o do F\u00f3rum para a Inova\u00e7\u00e3o, o Talento e a Educa\u00e7\u00e3o Aeroespacial (FITEA) chega a Madrid\",\"datePublished\":\"2024-07-01T10:52:36+00:00\",\"dateModified\":\"2024-07-01T11:03:45+00:00\",\"mainEntityOfPage\":{\"@id\":\"https:\\\/\\\/aeroganp.org\\\/pt-pt\\\/a-primeira-edicao-do-forum-para-a-inovacao-o-talento-e-a-educacao-aeroespacial-fitea-chega-a-madrid\\\/\"},\"wordCount\":426,\"publisher\":{\"@id\":\"https:\\\/\\\/aeroganp.org\\\/#organization\"},\"image\":{\"@id\":\"https:\\\/\\\/aeroganp.org\\\/pt-pt\\\/a-primeira-edicao-do-forum-para-a-inovacao-o-talento-e-a-educacao-aeroespacial-fitea-chega-a-madrid\\\/#primaryimage\"},\"thumbnailUrl\":\"https:\\\/\\\/aeroganp.org\\\/wp-content\\\/uploads\\\/2024\\\/06\\\/31054.jpg\",\"articleSection\":[\"Eventos\",\"Not\u00edcias\"],\"inLanguage\":\"pt-PT\"},{\"@type\":\"WebPage\",\"@id\":\"https:\\\/\\\/aeroganp.org\\\/pt-pt\\\/a-primeira-edicao-do-forum-para-a-inovacao-o-talento-e-a-educacao-aeroespacial-fitea-chega-a-madrid\\\/\",\"url\":\"https:\\\/\\\/aeroganp.org\\\/pt-pt\\\/a-primeira-edicao-do-forum-para-a-inovacao-o-talento-e-a-educacao-aeroespacial-fitea-chega-a-madrid\\\/\",\"name\":\"A primeira edi\u00e7\u00e3o do F\u00f3rum para a Inova\u00e7\u00e3o, o Talento e a Educa\u00e7\u00e3o Aeroespacial (FITEA) chega a Madrid - AeroGanp\",\"isPartOf\":{\"@id\":\"https:\\\/\\\/aeroganp.org\\\/#website\"},\"primaryImageOfPage\":{\"@id\":\"https:\\\/\\\/aeroganp.org\\\/pt-pt\\\/a-primeira-edicao-do-forum-para-a-inovacao-o-talento-e-a-educacao-aeroespacial-fitea-chega-a-madrid\\\/#primaryimage\"},\"image\":{\"@id\":\"https:\\\/\\\/aeroganp.org\\\/pt-pt\\\/a-primeira-edicao-do-forum-para-a-inovacao-o-talento-e-a-educacao-aeroespacial-fitea-chega-a-madrid\\\/#primaryimage\"},\"thumbnailUrl\":\"https:\\\/\\\/aeroganp.org\\\/wp-content\\\/uploads\\\/2024\\\/06\\\/31054.jpg\",\"datePublished\":\"2024-07-01T10:52:36+00:00\",\"dateModified\":\"2024-07-01T11:03:45+00:00\",\"breadcrumb\":{\"@id\":\"https:\\\/\\\/aeroganp.org\\\/pt-pt\\\/a-primeira-edicao-do-forum-para-a-inovacao-o-talento-e-a-educacao-aeroespacial-fitea-chega-a-madrid\\\/#breadcrumb\"},\"inLanguage\":\"pt-PT\",\"potentialAction\":[{\"@type\":\"ReadAction\",\"target\":[\"https:\\\/\\\/aeroganp.org\\\/pt-pt\\\/a-primeira-edicao-do-forum-para-a-inovacao-o-talento-e-a-educacao-aeroespacial-fitea-chega-a-madrid\\\/\"]}]},{\"@type\":\"ImageObject\",\"inLanguage\":\"pt-PT\",\"@id\":\"https:\\\/\\\/aeroganp.org\\\/pt-pt\\\/a-primeira-edicao-do-forum-para-a-inovacao-o-talento-e-a-educacao-aeroespacial-fitea-chega-a-madrid\\\/#primaryimage\",\"url\":\"https:\\\/\\\/aeroganp.org\\\/wp-content\\\/uploads\\\/2024\\\/06\\\/31054.jpg\",\"contentUrl\":\"https:\\\/\\\/aeroganp.org\\\/wp-content\\\/uploads\\\/2024\\\/06\\\/31054.jpg\",\"width\":2000,\"height\":1333},{\"@type\":\"BreadcrumbList\",\"@id\":\"https:\\\/\\\/aeroganp.org\\\/pt-pt\\\/a-primeira-edicao-do-forum-para-a-inovacao-o-talento-e-a-educacao-aeroespacial-fitea-chega-a-madrid\\\/#breadcrumb\",\"itemListElement\":[{\"@type\":\"ListItem\",\"position\":1,\"name\":\"Portada\",\"item\":\"https:\\\/\\\/aeroganp.org\\\/pt-pt\\\/home\\\/\"},{\"@type\":\"ListItem\",\"position\":2,\"name\":\"A primeira edi\u00e7\u00e3o do F\u00f3rum para a Inova\u00e7\u00e3o, o Talento e a Educa\u00e7\u00e3o Aeroespacial (FITEA) chega a Madrid\"}]},{\"@type\":\"WebSite\",\"@id\":\"https:\\\/\\\/aeroganp.org\\\/#website\",\"url\":\"https:\\\/\\\/aeroganp.org\\\/\",\"name\":\"AeroGanp\",\"description\":\"POCTEP PROJECT 2023-2026\",\"publisher\":{\"@id\":\"https:\\\/\\\/aeroganp.org\\\/#organization\"},\"potentialAction\":[{\"@type\":\"SearchAction\",\"target\":{\"@type\":\"EntryPoint\",\"urlTemplate\":\"https:\\\/\\\/aeroganp.org\\\/?s={search_term_string}\"},\"query-input\":{\"@type\":\"PropertyValueSpecification\",\"valueRequired\":true,\"valueName\":\"search_term_string\"}}],\"inLanguage\":\"pt-PT\"},{\"@type\":\"Organization\",\"@id\":\"https:\\\/\\\/aeroganp.org\\\/#organization\",\"name\":\"AeroGanp\",\"url\":\"https:\\\/\\\/aeroganp.org\\\/\",\"logo\":{\"@type\":\"ImageObject\",\"inLanguage\":\"pt-PT\",\"@id\":\"https:\\\/\\\/aeroganp.org\\\/#\\\/schema\\\/logo\\\/image\\\/\",\"url\":\"https:\\\/\\\/aeroganp.org\\\/wp-content\\\/uploads\\\/2023\\\/11\\\/logotipo-aeroganp.svg\",\"contentUrl\":\"https:\\\/\\\/aeroganp.org\\\/wp-content\\\/uploads\\\/2023\\\/11\\\/logotipo-aeroganp.svg\",\"width\":841,\"height\":169,\"caption\":\"AeroGanp\"},\"image\":{\"@id\":\"https:\\\/\\\/aeroganp.org\\\/#\\\/schema\\\/logo\\\/image\\\/\"},\"sameAs\":[\"https:\\\/\\\/www.facebook.com\\\/poctepaeroganp\\\/\",\"https:\\\/\\\/www.instagram.com\\\/poctepaeroganp\\\/\"]},{\"@type\":\"Person\",\"@id\":\"https:\\\/\\\/aeroganp.org\\\/#\\\/schema\\\/person\\\/6aee36d3adaf920c6ee370f37eb2bb70\",\"name\":\"admin\",\"image\":{\"@type\":\"ImageObject\",\"inLanguage\":\"pt-PT\",\"@id\":\"https:\\\/\\\/secure.gravatar.com\\\/avatar\\\/31b35e755ff2b0c34126176672a16bf183e7bd39af14ea92c4ba98c2ed012b2f?s=96&d=mm&r=g\",\"url\":\"https:\\\/\\\/secure.gravatar.com\\\/avatar\\\/31b35e755ff2b0c34126176672a16bf183e7bd39af14ea92c4ba98c2ed012b2f?s=96&d=mm&r=g\",\"contentUrl\":\"https:\\\/\\\/secure.gravatar.com\\\/avatar\\\/31b35e755ff2b0c34126176672a16bf183e7bd39af14ea92c4ba98c2ed012b2f?s=96&d=mm&r=g\",\"caption\":\"admin\"},\"sameAs\":[\"http:\\\/\\\/aeroganp.org\"],\"url\":\"https:\\\/\\\/aeroganp.org\\\/pt-pt\\\/author\\\/admin\\\/\"}]}<\/script>\n<!-- \/ Yoast SEO plugin. -->","yoast_head_json":{"title":"A primeira edi\u00e7\u00e3o do F\u00f3rum para a Inova\u00e7\u00e3o, o Talento e a Educa\u00e7\u00e3o Aeroespacial (FITEA) chega a Madrid - AeroGanp","robots":{"index":"index","follow":"follow","max-snippet":"max-snippet:-1","max-image-preview":"max-image-preview:large","max-video-preview":"max-video-preview:-1"},"canonical":"https:\/\/aeroganp.org\/pt-pt\/a-primeira-edicao-do-forum-para-a-inovacao-o-talento-e-a-educacao-aeroespacial-fitea-chega-a-madrid\/","og_locale":"pt_PT","og_type":"article","og_title":"A primeira edi\u00e7\u00e3o do F\u00f3rum para a Inova\u00e7\u00e3o, o Talento e a Educa\u00e7\u00e3o Aeroespacial (FITEA) chega a Madrid - AeroGanp","og_description":"Organizado por Virtual Educa e Ellas Vuelan Alto, o FITEA realizar-se-\u00e1 no Centro de Congressos e Conven\u00e7\u00f5es Meli\u00e1 Avenida de Am\u00e9rica, em Madrid, de 29 a 31 de outubro de 2024. Ao longo de dois dias e meio, os participantes poder\u00e3o partilhar as suas ideias e experi\u00eancias, com o objetivo de inspirar, educar e estabelecer [&hellip;]","og_url":"https:\/\/aeroganp.org\/pt-pt\/a-primeira-edicao-do-forum-para-a-inovacao-o-talento-e-a-educacao-aeroespacial-fitea-chega-a-madrid\/","og_site_name":"AeroGanp","article_publisher":"https:\/\/www.facebook.com\/poctepaeroganp\/","article_published_time":"2024-07-01T10:52:36+00:00","article_modified_time":"2024-07-01T11:03:45+00:00","og_image":[{"width":2000,"height":1333,"url":"https:\/\/aeroganp.org\/wp-content\/uploads\/2024\/06\/31054.jpg","type":"image\/jpeg"}],"author":"admin","twitter_card":"summary_large_image","twitter_misc":{"Escrito por":"admin","Tempo estimado de leitura":"2 minutos"},"schema":{"@context":"https:\/\/schema.org","@graph":[{"@type":"Article","@id":"https:\/\/aeroganp.org\/pt-pt\/a-primeira-edicao-do-forum-para-a-inovacao-o-talento-e-a-educacao-aeroespacial-fitea-chega-a-madrid\/#article","isPartOf":{"@id":"https:\/\/aeroganp.org\/pt-pt\/a-primeira-edicao-do-forum-para-a-inovacao-o-talento-e-a-educacao-aeroespacial-fitea-chega-a-madrid\/"},"author":{"name":"admin","@id":"https:\/\/aeroganp.org\/#\/schema\/person\/6aee36d3adaf920c6ee370f37eb2bb70"},"headline":"A primeira edi\u00e7\u00e3o do F\u00f3rum para a Inova\u00e7\u00e3o, o Talento e a Educa\u00e7\u00e3o Aeroespacial (FITEA) chega a Madrid","datePublished":"2024-07-01T10:52:36+00:00","dateModified":"2024-07-01T11:03:45+00:00","mainEntityOfPage":{"@id":"https:\/\/aeroganp.org\/pt-pt\/a-primeira-edicao-do-forum-para-a-inovacao-o-talento-e-a-educacao-aeroespacial-fitea-chega-a-madrid\/"},"wordCount":426,"publisher":{"@id":"https:\/\/aeroganp.org\/#organization"},"image":{"@id":"https:\/\/aeroganp.org\/pt-pt\/a-primeira-edicao-do-forum-para-a-inovacao-o-talento-e-a-educacao-aeroespacial-fitea-chega-a-madrid\/#primaryimage"},"thumbnailUrl":"https:\/\/aeroganp.org\/wp-content\/uploads\/2024\/06\/31054.jpg","articleSection":["Eventos","Not\u00edcias"],"inLanguage":"pt-PT"},{"@type":"WebPage","@id":"https:\/\/aeroganp.org\/pt-pt\/a-primeira-edicao-do-forum-para-a-inovacao-o-talento-e-a-educacao-aeroespacial-fitea-chega-a-madrid\/","url":"https:\/\/aeroganp.org\/pt-pt\/a-primeira-edicao-do-forum-para-a-inovacao-o-talento-e-a-educacao-aeroespacial-fitea-chega-a-madrid\/","name":"A primeira edi\u00e7\u00e3o do F\u00f3rum para a Inova\u00e7\u00e3o, o Talento e a Educa\u00e7\u00e3o Aeroespacial (FITEA) chega a Madrid - AeroGanp","isPartOf":{"@id":"https:\/\/aeroganp.org\/#website"},"primaryImageOfPage":{"@id":"https:\/\/aeroganp.org\/pt-pt\/a-primeira-edicao-do-forum-para-a-inovacao-o-talento-e-a-educacao-aeroespacial-fitea-chega-a-madrid\/#primaryimage"},"image":{"@id":"https:\/\/aeroganp.org\/pt-pt\/a-primeira-edicao-do-forum-para-a-inovacao-o-talento-e-a-educacao-aeroespacial-fitea-chega-a-madrid\/#primaryimage"},"thumbnailUrl":"https:\/\/aeroganp.org\/wp-content\/uploads\/2024\/06\/31054.jpg","datePublished":"2024-07-01T10:52:36+00:00","dateModified":"2024-07-01T11:03:45+00:00","breadcrumb":{"@id":"https:\/\/aeroganp.org\/pt-pt\/a-primeira-edicao-do-forum-para-a-inovacao-o-talento-e-a-educacao-aeroespacial-fitea-chega-a-madrid\/#breadcrumb"},"inLanguage":"pt-PT","potentialAction":[{"@type":"ReadAction","target":["https:\/\/aeroganp.org\/pt-pt\/a-primeira-edicao-do-forum-para-a-inovacao-o-talento-e-a-educacao-aeroespacial-fitea-chega-a-madrid\/"]}]},{"@type":"ImageObject","inLanguage":"pt-PT","@id":"https:\/\/aeroganp.org\/pt-pt\/a-primeira-edicao-do-forum-para-a-inovacao-o-talento-e-a-educacao-aeroespacial-fitea-chega-a-madrid\/#primaryimage","url":"https:\/\/aeroganp.org\/wp-content\/uploads\/2024\/06\/31054.jpg","contentUrl":"https:\/\/aeroganp.org\/wp-content\/uploads\/2024\/06\/31054.jpg","width":2000,"height":1333},{"@type":"BreadcrumbList","@id":"https:\/\/aeroganp.org\/pt-pt\/a-primeira-edicao-do-forum-para-a-inovacao-o-talento-e-a-educacao-aeroespacial-fitea-chega-a-madrid\/#breadcrumb","itemListElement":[{"@type":"ListItem","position":1,"name":"Portada","item":"https:\/\/aeroganp.org\/pt-pt\/home\/"},{"@type":"ListItem","position":2,"name":"A primeira edi\u00e7\u00e3o do F\u00f3rum para a Inova\u00e7\u00e3o, o Talento e a Educa\u00e7\u00e3o Aeroespacial (FITEA) chega a Madrid"}]},{"@type":"WebSite","@id":"https:\/\/aeroganp.org\/#website","url":"https:\/\/aeroganp.org\/","name":"AeroGanp","description":"POCTEP PROJECT 2023-2026","publisher":{"@id":"https:\/\/aeroganp.org\/#organization"},"potentialAction":[{"@type":"SearchAction","target":{"@type":"EntryPoint","urlTemplate":"https:\/\/aeroganp.org\/?s={search_term_string}"},"query-input":{"@type":"PropertyValueSpecification","valueRequired":true,"valueName":"search_term_string"}}],"inLanguage":"pt-PT"},{"@type":"Organization","@id":"https:\/\/aeroganp.org\/#organization","name":"AeroGanp","url":"https:\/\/aeroganp.org\/","logo":{"@type":"ImageObject","inLanguage":"pt-PT","@id":"https:\/\/aeroganp.org\/#\/schema\/logo\/image\/","url":"https:\/\/aeroganp.org\/wp-content\/uploads\/2023\/11\/logotipo-aeroganp.svg","contentUrl":"https:\/\/aeroganp.org\/wp-content\/uploads\/2023\/11\/logotipo-aeroganp.svg","width":841,"height":169,"caption":"AeroGanp"},"image":{"@id":"https:\/\/aeroganp.org\/#\/schema\/logo\/image\/"},"sameAs":["https:\/\/www.facebook.com\/poctepaeroganp\/","https:\/\/www.instagram.com\/poctepaeroganp\/"]},{"@type":"Person","@id":"https:\/\/aeroganp.org\/#\/schema\/person\/6aee36d3adaf920c6ee370f37eb2bb70","name":"admin","image":{"@type":"ImageObject","inLanguage":"pt-PT","@id":"https:\/\/secure.gravatar.com\/avatar\/31b35e755ff2b0c34126176672a16bf183e7bd39af14ea92c4ba98c2ed012b2f?s=96&d=mm&r=g","url":"https:\/\/secure.gravatar.com\/avatar\/31b35e755ff2b0c34126176672a16bf183e7bd39af14ea92c4ba98c2ed012b2f?s=96&d=mm&r=g","contentUrl":"https:\/\/secure.gravatar.com\/avatar\/31b35e755ff2b0c34126176672a16bf183e7bd39af14ea92c4ba98c2ed012b2f?s=96&d=mm&r=g","caption":"admin"},"sameAs":["http:\/\/aeroganp.org"],"url":"https:\/\/aeroganp.org\/pt-pt\/author\/admin\/"}]}},"_links":{"self":[{"href":"https:\/\/aeroganp.org\/pt-pt\/wp-json\/wp\/v2\/posts\/881","targetHints":{"allow":["GET"]}}],"collection":[{"href":"https:\/\/aeroganp.org\/pt-pt\/wp-json\/wp\/v2\/posts"}],"about":[{"href":"https:\/\/aeroganp.org\/pt-pt\/wp-json\/wp\/v2\/types\/post"}],"author":[{"embeddable":true,"href":"https:\/\/aeroganp.org\/pt-pt\/wp-json\/wp\/v2\/users\/1"}],"replies":[{"embeddable":true,"href":"https:\/\/aeroganp.org\/pt-pt\/wp-json\/wp\/v2\/comments?post=881"}],"version-history":[{"count":0,"href":"https:\/\/aeroganp.org\/pt-pt\/wp-json\/wp\/v2\/posts\/881\/revisions"}],"wp:featuredmedia":[{"embeddable":true,"href":"https:\/\/aeroganp.org\/pt-pt\/wp-json\/wp\/v2\/media\/875"}],"wp:attachment":[{"href":"https:\/\/aeroganp.org\/pt-pt\/wp-json\/wp\/v2\/media?parent=881"}],"wp:term":[{"taxonomy":"category","embeddable":true,"href":"https:\/\/aeroganp.org\/pt-pt\/wp-json\/wp\/v2\/categories?post=881"},{"taxonomy":"post_tag","embeddable":true,"href":"https:\/\/aeroganp.org\/pt-pt\/wp-json\/wp\/v2\/tags?post=881"}],"curies":[{"name":"wp","href":"https:\/\/api.w.org\/{rel}","templated":true}]}}