{"id":786,"date":"2024-06-05T10:04:18","date_gmt":"2024-06-05T10:04:18","guid":{"rendered":"https:\/\/aeroganp.org\/?p=786"},"modified":"2024-07-04T08:53:39","modified_gmt":"2024-07-04T08:53:39","slug":"encontro-europeu-em-forli-e-bolonha-para-impulsionar-a-inovacao-aeroespacial-na-galiza-2","status":"publish","type":"post","link":"https:\/\/aeroganp.org\/pt-pt\/encontro-europeu-em-forli-e-bolonha-para-impulsionar-a-inovacao-aeroespacial-na-galiza-2\/","title":{"rendered":"Participe no VI Congresso Internacional Aeroespacial (CIAG)"},"content":{"rendered":"\n<p>O Cons\u00f3rcio Galego Aeroespacial (CAG), em colabora\u00e7\u00e3o com a Xunta de Galicia e a Iniciativa Civil UAVs, organiza o VI Congresso Internacional Aeroespacial (CIAG), no qual participar\u00e1 o cons\u00f3rcio do projeto Poctep Aeroganp.<\/p>\n\n<p>O congresso ter\u00e1 lugar nos dias 13 e 14 de junho no Audit\u00f3rio Municipal de Ourense e reunir\u00e1 mais de 200 representantes da ind\u00fastria aeroespacial e aeron\u00e1utica, incluindo v\u00e1rios parceiros estrat\u00e9gicos como a Airbus, Boeing, Leonardo, Aeronnova Group, Aerospace Valley e Tecnobit, entre outros.<\/p>\n\n<p>Este evento tem como objetivo estabelecer um f\u00f3rum para discutir o futuro da ind\u00fastria, avaliar oportunidades e apresentar projectos inovadores na \u00e1rea das naves espaciais n\u00e3o tripuladas. Assim, o congresso abordar\u00e1 os desafios relacionados com a transforma\u00e7\u00e3o digital, a transi\u00e7\u00e3o energ\u00e9tica e as oportunidades em propuls\u00e3o, solu\u00e7\u00f5es de fabrico, drones e defesa&#8230; e muito mais!<\/p>\n\n<p>\u00c9 uma excelente ocasi\u00e3o para destacar a for\u00e7a do sector aeron\u00e1utico da nossa ind\u00fastria e para promover novas oportunidades de neg\u00f3cio entre empresas galegas e internacionais.<\/p>\n\n<p>N\u00e3o perca este evento chave para a ind\u00fastria aeroespacial e aeron\u00e1utica. Esperamos por si em Ourense! Clique aqui para ler o <a href=\"https:\/\/aeroganp.org\/wp-content\/uploads\/2024\/06\/Programa-VI-CIAG-ES_compressed.pdf\">programa<\/a> e aqui para se <a href=\"https:\/\/forms.zohopublic.com\/asociacindeindustrialesmetal\/form\/VICONGRESOINTERNACIONALAERONUTICOYAEROESPACIAL\/formperma\/cSDb9vNsDWL_2l7Ojrs27dDPLkT1t1Id4lXWBhOwgqA\">registar.<\/a><\/p>\n\n<div class=\"wp-block-buttons is-layout-flex wp-block-buttons-is-layout-flex\">\n<div class=\"wp-block-button is-style-outline is-style-outline--1\"><a class=\"wp-block-button__link wp-element-button\" href=\"https:\/\/www.consorcioaeronautico.com\/el-cag-presenta-en-ourense-la-vi-edicion-del-congreso-internacional-aeronautico-y-espacial-ciag\/\">_Mais informa\u00e7\u00f5es<\/a><\/div>\n<\/div>\n","protected":false},"excerpt":{"rendered":"<p>O Cons\u00f3rcio Galego Aeroespacial (CAG), em colabora\u00e7\u00e3o com a Xunta de Galicia e a Iniciativa Civil UAVs, organiza o VI Congresso Internacional Aeroespacial (CIAG), no qual participar\u00e1 o cons\u00f3rcio do projeto Poctep Aeroganp. O congresso ter\u00e1 lugar nos dias 13 e 14 de junho no Audit\u00f3rio Municipal de Ourense e reunir\u00e1 mais de 200 representantes [&hellip;]<\/p>\n","protected":false},"author":1,"featured_media":789,"comment_status":"closed","ping_status":"open","sticky":false,"template":"","format":"standard","meta":{"_acf_changed":false,"footnotes":""},"categories":[18],"tags":[],"class_list":["post-786","post","type-post","status-publish","format-standard","has-post-thumbnail","hentry","category-noticias-pt-pt"],"acf":[],"yoast_head":"<!-- This site is optimized with the Yoast SEO plugin v27.5 - https:\/\/yoast.com\/product\/yoast-seo-wordpress\/ -->\n<title>Participe no VI Congresso Internacional Aeroespacial (CIAG) - AeroGanp<\/title>\n<meta name=\"robots\" content=\"index, follow, max-snippet:-1, max-image-preview:large, max-video-preview:-1\" \/>\n<link rel=\"canonical\" href=\"https:\/\/aeroganp.org\/pt-pt\/encontro-europeu-em-forli-e-bolonha-para-impulsionar-a-inovacao-aeroespacial-na-galiza-2\/\" \/>\n<meta property=\"og:locale\" content=\"pt_PT\" \/>\n<meta property=\"og:type\" content=\"article\" \/>\n<meta property=\"og:title\" content=\"Participe no VI Congresso Internacional Aeroespacial (CIAG) - AeroGanp\" \/>\n<meta property=\"og:description\" content=\"O Cons\u00f3rcio Galego Aeroespacial (CAG), em colabora\u00e7\u00e3o com a Xunta de Galicia e a Iniciativa Civil UAVs, organiza o VI Congresso Internacional Aeroespacial (CIAG), no qual participar\u00e1 o cons\u00f3rcio do projeto Poctep Aeroganp. O congresso ter\u00e1 lugar nos dias 13 e 14 de junho no Audit\u00f3rio Municipal de Ourense e reunir\u00e1 mais de 200 representantes [&hellip;]\" \/>\n<meta property=\"og:url\" content=\"https:\/\/aeroganp.org\/pt-pt\/encontro-europeu-em-forli-e-bolonha-para-impulsionar-a-inovacao-aeroespacial-na-galiza-2\/\" \/>\n<meta property=\"og:site_name\" content=\"AeroGanp\" \/>\n<meta property=\"article:publisher\" content=\"https:\/\/www.facebook.com\/poctepaeroganp\/\" \/>\n<meta property=\"article:published_time\" content=\"2024-06-05T10:04:18+00:00\" \/>\n<meta property=\"article:modified_time\" content=\"2024-07-04T08:53:39+00:00\" \/>\n<meta property=\"og:image\" content=\"https:\/\/aeroganp.org\/wp-content\/uploads\/2024\/06\/consorcio_aeronautico_gallego__1_680-1280x640-1.jpg\" \/>\n\t<meta property=\"og:image:width\" content=\"1280\" \/>\n\t<meta property=\"og:image:height\" content=\"640\" \/>\n\t<meta property=\"og:image:type\" content=\"image\/jpeg\" \/>\n<meta name=\"author\" content=\"admin\" \/>\n<meta name=\"twitter:card\" content=\"summary_large_image\" \/>\n<meta name=\"twitter:label1\" content=\"Escrito por\" \/>\n\t<meta name=\"twitter:data1\" content=\"admin\" \/>\n\t<meta name=\"twitter:label2\" content=\"Tempo estimado de leitura\" \/>\n\t<meta name=\"twitter:data2\" content=\"1 minuto\" \/>\n<script type=\"application\/ld+json\" class=\"yoast-schema-graph\">{\"@context\":\"https:\\\/\\\/schema.org\",\"@graph\":[{\"@type\":\"Article\",\"@id\":\"https:\\\/\\\/aeroganp.org\\\/pt-pt\\\/encontro-europeu-em-forli-e-bolonha-para-impulsionar-a-inovacao-aeroespacial-na-galiza-2\\\/#article\",\"isPartOf\":{\"@id\":\"https:\\\/\\\/aeroganp.org\\\/pt-pt\\\/encontro-europeu-em-forli-e-bolonha-para-impulsionar-a-inovacao-aeroespacial-na-galiza-2\\\/\"},\"author\":{\"name\":\"admin\",\"@id\":\"https:\\\/\\\/aeroganp.org\\\/#\\\/schema\\\/person\\\/6aee36d3adaf920c6ee370f37eb2bb70\"},\"headline\":\"Participe no VI Congresso Internacional Aeroespacial (CIAG)\",\"datePublished\":\"2024-06-05T10:04:18+00:00\",\"dateModified\":\"2024-07-04T08:53:39+00:00\",\"mainEntityOfPage\":{\"@id\":\"https:\\\/\\\/aeroganp.org\\\/pt-pt\\\/encontro-europeu-em-forli-e-bolonha-para-impulsionar-a-inovacao-aeroespacial-na-galiza-2\\\/\"},\"wordCount\":215,\"publisher\":{\"@id\":\"https:\\\/\\\/aeroganp.org\\\/#organization\"},\"image\":{\"@id\":\"https:\\\/\\\/aeroganp.org\\\/pt-pt\\\/encontro-europeu-em-forli-e-bolonha-para-impulsionar-a-inovacao-aeroespacial-na-galiza-2\\\/#primaryimage\"},\"thumbnailUrl\":\"https:\\\/\\\/aeroganp.org\\\/wp-content\\\/uploads\\\/2024\\\/06\\\/consorcio_aeronautico_gallego__1_680-1280x640-1.jpg\",\"articleSection\":[\"Not\u00edcias\"],\"inLanguage\":\"pt-PT\"},{\"@type\":\"WebPage\",\"@id\":\"https:\\\/\\\/aeroganp.org\\\/pt-pt\\\/encontro-europeu-em-forli-e-bolonha-para-impulsionar-a-inovacao-aeroespacial-na-galiza-2\\\/\",\"url\":\"https:\\\/\\\/aeroganp.org\\\/pt-pt\\\/encontro-europeu-em-forli-e-bolonha-para-impulsionar-a-inovacao-aeroespacial-na-galiza-2\\\/\",\"name\":\"Participe no VI Congresso Internacional Aeroespacial (CIAG) - AeroGanp\",\"isPartOf\":{\"@id\":\"https:\\\/\\\/aeroganp.org\\\/#website\"},\"primaryImageOfPage\":{\"@id\":\"https:\\\/\\\/aeroganp.org\\\/pt-pt\\\/encontro-europeu-em-forli-e-bolonha-para-impulsionar-a-inovacao-aeroespacial-na-galiza-2\\\/#primaryimage\"},\"image\":{\"@id\":\"https:\\\/\\\/aeroganp.org\\\/pt-pt\\\/encontro-europeu-em-forli-e-bolonha-para-impulsionar-a-inovacao-aeroespacial-na-galiza-2\\\/#primaryimage\"},\"thumbnailUrl\":\"https:\\\/\\\/aeroganp.org\\\/wp-content\\\/uploads\\\/2024\\\/06\\\/consorcio_aeronautico_gallego__1_680-1280x640-1.jpg\",\"datePublished\":\"2024-06-05T10:04:18+00:00\",\"dateModified\":\"2024-07-04T08:53:39+00:00\",\"breadcrumb\":{\"@id\":\"https:\\\/\\\/aeroganp.org\\\/pt-pt\\\/encontro-europeu-em-forli-e-bolonha-para-impulsionar-a-inovacao-aeroespacial-na-galiza-2\\\/#breadcrumb\"},\"inLanguage\":\"pt-PT\",\"potentialAction\":[{\"@type\":\"ReadAction\",\"target\":[\"https:\\\/\\\/aeroganp.org\\\/pt-pt\\\/encontro-europeu-em-forli-e-bolonha-para-impulsionar-a-inovacao-aeroespacial-na-galiza-2\\\/\"]}]},{\"@type\":\"ImageObject\",\"inLanguage\":\"pt-PT\",\"@id\":\"https:\\\/\\\/aeroganp.org\\\/pt-pt\\\/encontro-europeu-em-forli-e-bolonha-para-impulsionar-a-inovacao-aeroespacial-na-galiza-2\\\/#primaryimage\",\"url\":\"https:\\\/\\\/aeroganp.org\\\/wp-content\\\/uploads\\\/2024\\\/06\\\/consorcio_aeronautico_gallego__1_680-1280x640-1.jpg\",\"contentUrl\":\"https:\\\/\\\/aeroganp.org\\\/wp-content\\\/uploads\\\/2024\\\/06\\\/consorcio_aeronautico_gallego__1_680-1280x640-1.jpg\",\"width\":1280,\"height\":640},{\"@type\":\"BreadcrumbList\",\"@id\":\"https:\\\/\\\/aeroganp.org\\\/pt-pt\\\/encontro-europeu-em-forli-e-bolonha-para-impulsionar-a-inovacao-aeroespacial-na-galiza-2\\\/#breadcrumb\",\"itemListElement\":[{\"@type\":\"ListItem\",\"position\":1,\"name\":\"Portada\",\"item\":\"https:\\\/\\\/aeroganp.org\\\/pt-pt\\\/home\\\/\"},{\"@type\":\"ListItem\",\"position\":2,\"name\":\"Participe no VI Congresso Internacional Aeroespacial (CIAG)\"}]},{\"@type\":\"WebSite\",\"@id\":\"https:\\\/\\\/aeroganp.org\\\/#website\",\"url\":\"https:\\\/\\\/aeroganp.org\\\/\",\"name\":\"AeroGanp\",\"description\":\"POCTEP PROJECT 2023-2026\",\"publisher\":{\"@id\":\"https:\\\/\\\/aeroganp.org\\\/#organization\"},\"potentialAction\":[{\"@type\":\"SearchAction\",\"target\":{\"@type\":\"EntryPoint\",\"urlTemplate\":\"https:\\\/\\\/aeroganp.org\\\/?s={search_term_string}\"},\"query-input\":{\"@type\":\"PropertyValueSpecification\",\"valueRequired\":true,\"valueName\":\"search_term_string\"}}],\"inLanguage\":\"pt-PT\"},{\"@type\":\"Organization\",\"@id\":\"https:\\\/\\\/aeroganp.org\\\/#organization\",\"name\":\"AeroGanp\",\"url\":\"https:\\\/\\\/aeroganp.org\\\/\",\"logo\":{\"@type\":\"ImageObject\",\"inLanguage\":\"pt-PT\",\"@id\":\"https:\\\/\\\/aeroganp.org\\\/#\\\/schema\\\/logo\\\/image\\\/\",\"url\":\"https:\\\/\\\/aeroganp.org\\\/wp-content\\\/uploads\\\/2023\\\/11\\\/logotipo-aeroganp.svg\",\"contentUrl\":\"https:\\\/\\\/aeroganp.org\\\/wp-content\\\/uploads\\\/2023\\\/11\\\/logotipo-aeroganp.svg\",\"width\":841,\"height\":169,\"caption\":\"AeroGanp\"},\"image\":{\"@id\":\"https:\\\/\\\/aeroganp.org\\\/#\\\/schema\\\/logo\\\/image\\\/\"},\"sameAs\":[\"https:\\\/\\\/www.facebook.com\\\/poctepaeroganp\\\/\",\"https:\\\/\\\/www.instagram.com\\\/poctepaeroganp\\\/\"]},{\"@type\":\"Person\",\"@id\":\"https:\\\/\\\/aeroganp.org\\\/#\\\/schema\\\/person\\\/6aee36d3adaf920c6ee370f37eb2bb70\",\"name\":\"admin\",\"image\":{\"@type\":\"ImageObject\",\"inLanguage\":\"pt-PT\",\"@id\":\"https:\\\/\\\/secure.gravatar.com\\\/avatar\\\/31b35e755ff2b0c34126176672a16bf183e7bd39af14ea92c4ba98c2ed012b2f?s=96&d=mm&r=g\",\"url\":\"https:\\\/\\\/secure.gravatar.com\\\/avatar\\\/31b35e755ff2b0c34126176672a16bf183e7bd39af14ea92c4ba98c2ed012b2f?s=96&d=mm&r=g\",\"contentUrl\":\"https:\\\/\\\/secure.gravatar.com\\\/avatar\\\/31b35e755ff2b0c34126176672a16bf183e7bd39af14ea92c4ba98c2ed012b2f?s=96&d=mm&r=g\",\"caption\":\"admin\"},\"sameAs\":[\"http:\\\/\\\/aeroganp.org\"],\"url\":\"https:\\\/\\\/aeroganp.org\\\/pt-pt\\\/author\\\/admin\\\/\"}]}<\/script>\n<!-- \/ Yoast SEO plugin. -->","yoast_head_json":{"title":"Participe no VI Congresso Internacional Aeroespacial (CIAG) - AeroGanp","robots":{"index":"index","follow":"follow","max-snippet":"max-snippet:-1","max-image-preview":"max-image-preview:large","max-video-preview":"max-video-preview:-1"},"canonical":"https:\/\/aeroganp.org\/pt-pt\/encontro-europeu-em-forli-e-bolonha-para-impulsionar-a-inovacao-aeroespacial-na-galiza-2\/","og_locale":"pt_PT","og_type":"article","og_title":"Participe no VI Congresso Internacional Aeroespacial (CIAG) - AeroGanp","og_description":"O Cons\u00f3rcio Galego Aeroespacial (CAG), em colabora\u00e7\u00e3o com a Xunta de Galicia e a Iniciativa Civil UAVs, organiza o VI Congresso Internacional Aeroespacial (CIAG), no qual participar\u00e1 o cons\u00f3rcio do projeto Poctep Aeroganp. O congresso ter\u00e1 lugar nos dias 13 e 14 de junho no Audit\u00f3rio Municipal de Ourense e reunir\u00e1 mais de 200 representantes [&hellip;]","og_url":"https:\/\/aeroganp.org\/pt-pt\/encontro-europeu-em-forli-e-bolonha-para-impulsionar-a-inovacao-aeroespacial-na-galiza-2\/","og_site_name":"AeroGanp","article_publisher":"https:\/\/www.facebook.com\/poctepaeroganp\/","article_published_time":"2024-06-05T10:04:18+00:00","article_modified_time":"2024-07-04T08:53:39+00:00","og_image":[{"width":1280,"height":640,"url":"https:\/\/aeroganp.org\/wp-content\/uploads\/2024\/06\/consorcio_aeronautico_gallego__1_680-1280x640-1.jpg","type":"image\/jpeg"}],"author":"admin","twitter_card":"summary_large_image","twitter_misc":{"Escrito por":"admin","Tempo estimado de leitura":"1 minuto"},"schema":{"@context":"https:\/\/schema.org","@graph":[{"@type":"Article","@id":"https:\/\/aeroganp.org\/pt-pt\/encontro-europeu-em-forli-e-bolonha-para-impulsionar-a-inovacao-aeroespacial-na-galiza-2\/#article","isPartOf":{"@id":"https:\/\/aeroganp.org\/pt-pt\/encontro-europeu-em-forli-e-bolonha-para-impulsionar-a-inovacao-aeroespacial-na-galiza-2\/"},"author":{"name":"admin","@id":"https:\/\/aeroganp.org\/#\/schema\/person\/6aee36d3adaf920c6ee370f37eb2bb70"},"headline":"Participe no VI Congresso Internacional Aeroespacial (CIAG)","datePublished":"2024-06-05T10:04:18+00:00","dateModified":"2024-07-04T08:53:39+00:00","mainEntityOfPage":{"@id":"https:\/\/aeroganp.org\/pt-pt\/encontro-europeu-em-forli-e-bolonha-para-impulsionar-a-inovacao-aeroespacial-na-galiza-2\/"},"wordCount":215,"publisher":{"@id":"https:\/\/aeroganp.org\/#organization"},"image":{"@id":"https:\/\/aeroganp.org\/pt-pt\/encontro-europeu-em-forli-e-bolonha-para-impulsionar-a-inovacao-aeroespacial-na-galiza-2\/#primaryimage"},"thumbnailUrl":"https:\/\/aeroganp.org\/wp-content\/uploads\/2024\/06\/consorcio_aeronautico_gallego__1_680-1280x640-1.jpg","articleSection":["Not\u00edcias"],"inLanguage":"pt-PT"},{"@type":"WebPage","@id":"https:\/\/aeroganp.org\/pt-pt\/encontro-europeu-em-forli-e-bolonha-para-impulsionar-a-inovacao-aeroespacial-na-galiza-2\/","url":"https:\/\/aeroganp.org\/pt-pt\/encontro-europeu-em-forli-e-bolonha-para-impulsionar-a-inovacao-aeroespacial-na-galiza-2\/","name":"Participe no VI Congresso Internacional Aeroespacial (CIAG) - AeroGanp","isPartOf":{"@id":"https:\/\/aeroganp.org\/#website"},"primaryImageOfPage":{"@id":"https:\/\/aeroganp.org\/pt-pt\/encontro-europeu-em-forli-e-bolonha-para-impulsionar-a-inovacao-aeroespacial-na-galiza-2\/#primaryimage"},"image":{"@id":"https:\/\/aeroganp.org\/pt-pt\/encontro-europeu-em-forli-e-bolonha-para-impulsionar-a-inovacao-aeroespacial-na-galiza-2\/#primaryimage"},"thumbnailUrl":"https:\/\/aeroganp.org\/wp-content\/uploads\/2024\/06\/consorcio_aeronautico_gallego__1_680-1280x640-1.jpg","datePublished":"2024-06-05T10:04:18+00:00","dateModified":"2024-07-04T08:53:39+00:00","breadcrumb":{"@id":"https:\/\/aeroganp.org\/pt-pt\/encontro-europeu-em-forli-e-bolonha-para-impulsionar-a-inovacao-aeroespacial-na-galiza-2\/#breadcrumb"},"inLanguage":"pt-PT","potentialAction":[{"@type":"ReadAction","target":["https:\/\/aeroganp.org\/pt-pt\/encontro-europeu-em-forli-e-bolonha-para-impulsionar-a-inovacao-aeroespacial-na-galiza-2\/"]}]},{"@type":"ImageObject","inLanguage":"pt-PT","@id":"https:\/\/aeroganp.org\/pt-pt\/encontro-europeu-em-forli-e-bolonha-para-impulsionar-a-inovacao-aeroespacial-na-galiza-2\/#primaryimage","url":"https:\/\/aeroganp.org\/wp-content\/uploads\/2024\/06\/consorcio_aeronautico_gallego__1_680-1280x640-1.jpg","contentUrl":"https:\/\/aeroganp.org\/wp-content\/uploads\/2024\/06\/consorcio_aeronautico_gallego__1_680-1280x640-1.jpg","width":1280,"height":640},{"@type":"BreadcrumbList","@id":"https:\/\/aeroganp.org\/pt-pt\/encontro-europeu-em-forli-e-bolonha-para-impulsionar-a-inovacao-aeroespacial-na-galiza-2\/#breadcrumb","itemListElement":[{"@type":"ListItem","position":1,"name":"Portada","item":"https:\/\/aeroganp.org\/pt-pt\/home\/"},{"@type":"ListItem","position":2,"name":"Participe no VI Congresso Internacional Aeroespacial (CIAG)"}]},{"@type":"WebSite","@id":"https:\/\/aeroganp.org\/#website","url":"https:\/\/aeroganp.org\/","name":"AeroGanp","description":"POCTEP PROJECT 2023-2026","publisher":{"@id":"https:\/\/aeroganp.org\/#organization"},"potentialAction":[{"@type":"SearchAction","target":{"@type":"EntryPoint","urlTemplate":"https:\/\/aeroganp.org\/?s={search_term_string}"},"query-input":{"@type":"PropertyValueSpecification","valueRequired":true,"valueName":"search_term_string"}}],"inLanguage":"pt-PT"},{"@type":"Organization","@id":"https:\/\/aeroganp.org\/#organization","name":"AeroGanp","url":"https:\/\/aeroganp.org\/","logo":{"@type":"ImageObject","inLanguage":"pt-PT","@id":"https:\/\/aeroganp.org\/#\/schema\/logo\/image\/","url":"https:\/\/aeroganp.org\/wp-content\/uploads\/2023\/11\/logotipo-aeroganp.svg","contentUrl":"https:\/\/aeroganp.org\/wp-content\/uploads\/2023\/11\/logotipo-aeroganp.svg","width":841,"height":169,"caption":"AeroGanp"},"image":{"@id":"https:\/\/aeroganp.org\/#\/schema\/logo\/image\/"},"sameAs":["https:\/\/www.facebook.com\/poctepaeroganp\/","https:\/\/www.instagram.com\/poctepaeroganp\/"]},{"@type":"Person","@id":"https:\/\/aeroganp.org\/#\/schema\/person\/6aee36d3adaf920c6ee370f37eb2bb70","name":"admin","image":{"@type":"ImageObject","inLanguage":"pt-PT","@id":"https:\/\/secure.gravatar.com\/avatar\/31b35e755ff2b0c34126176672a16bf183e7bd39af14ea92c4ba98c2ed012b2f?s=96&d=mm&r=g","url":"https:\/\/secure.gravatar.com\/avatar\/31b35e755ff2b0c34126176672a16bf183e7bd39af14ea92c4ba98c2ed012b2f?s=96&d=mm&r=g","contentUrl":"https:\/\/secure.gravatar.com\/avatar\/31b35e755ff2b0c34126176672a16bf183e7bd39af14ea92c4ba98c2ed012b2f?s=96&d=mm&r=g","caption":"admin"},"sameAs":["http:\/\/aeroganp.org"],"url":"https:\/\/aeroganp.org\/pt-pt\/author\/admin\/"}]}},"_links":{"self":[{"href":"https:\/\/aeroganp.org\/pt-pt\/wp-json\/wp\/v2\/posts\/786","targetHints":{"allow":["GET"]}}],"collection":[{"href":"https:\/\/aeroganp.org\/pt-pt\/wp-json\/wp\/v2\/posts"}],"about":[{"href":"https:\/\/aeroganp.org\/pt-pt\/wp-json\/wp\/v2\/types\/post"}],"author":[{"embeddable":true,"href":"https:\/\/aeroganp.org\/pt-pt\/wp-json\/wp\/v2\/users\/1"}],"replies":[{"embeddable":true,"href":"https:\/\/aeroganp.org\/pt-pt\/wp-json\/wp\/v2\/comments?post=786"}],"version-history":[{"count":0,"href":"https:\/\/aeroganp.org\/pt-pt\/wp-json\/wp\/v2\/posts\/786\/revisions"}],"wp:featuredmedia":[{"embeddable":true,"href":"https:\/\/aeroganp.org\/pt-pt\/wp-json\/wp\/v2\/media\/789"}],"wp:attachment":[{"href":"https:\/\/aeroganp.org\/pt-pt\/wp-json\/wp\/v2\/media?parent=786"}],"wp:term":[{"taxonomy":"category","embeddable":true,"href":"https:\/\/aeroganp.org\/pt-pt\/wp-json\/wp\/v2\/categories?post=786"},{"taxonomy":"post_tag","embeddable":true,"href":"https:\/\/aeroganp.org\/pt-pt\/wp-json\/wp\/v2\/tags?post=786"}],"curies":[{"name":"wp","href":"https:\/\/api.w.org\/{rel}","templated":true}]}}