{"id":2444,"date":"2026-04-20T09:00:46","date_gmt":"2026-04-20T09:00:46","guid":{"rendered":"https:\/\/aeroganp.org\/el-foro-de-innovacion-y-tecnologia-celebra-su-segunda-edicion-en-ourense-bajo-el-lema-galicia-ante-el-proximo-ciclo\/"},"modified":"2026-04-21T08:17:40","modified_gmt":"2026-04-21T08:17:40","slug":"el-foro-de-innovacion-y-tecnologia-celebra-su-segunda-edicion-en-ourense-bajo-el-lema-galicia-ante-el-proximo-ciclo","status":"publish","type":"post","link":"https:\/\/aeroganp.org\/pt-pt\/el-foro-de-innovacion-y-tecnologia-celebra-su-segunda-edicion-en-ourense-bajo-el-lema-galicia-ante-el-proximo-ciclo\/","title":{"rendered":"O F\u00f3rum de Inova\u00e7\u00e3o e Tecnologia celebra a sua segunda edi\u00e7\u00e3o em Ourense sob o lema &#8220;Galiza perante o pr\u00f3ximo ciclo&#8221;"},"content":{"rendered":"<p>O Parque Tecnol\u00f3gico da Galiza (Tecn\u00f3pole), em Ourense, acolheu no passado dia 15 de abril a segunda edi\u00e7\u00e3o do F\u00f3rum de Inova\u00e7\u00e3o e Tecnologia, organizado pelo C\u00edrculo de Empres\u00e1rios da Galiza. O encontro, que tamb\u00e9m p\u00f4de ser seguido em formato online, reuniu representantes do mundo empresarial, tecnol\u00f3gico e institucional da comunidade.<\/p>\n<p>Ao longo da manh\u00e3 foram abordadas quest\u00f5es relacionadas com o impacto da inova\u00e7\u00e3o nos resultados empresariais, a constru\u00e7\u00e3o de um ecossistema tecnol\u00f3gico pr\u00f3prio na Galiza e os modelos de crescimento para competir a partir do territ\u00f3rio em mercados globais. As sess\u00f5es foram estruturadas em formato de conversa entre dirigentes de empresas, centros tecnol\u00f3gicos e organismos p\u00fablicos.<\/p>\n<p>O f\u00f3rum contou com a participa\u00e7\u00e3o, entre outros, de representantes da Deputa\u00e7\u00e3o de Ourense, o centro de investiga\u00e7\u00e3o Gradiant, o parque tecnol\u00f3gico Tecn\u00f3pole e diversas empresas galegas do setor tecnol\u00f3gico.<\/p>\n","protected":false},"excerpt":{"rendered":"<p>O Parque Tecnol\u00f3gico da Galiza (Tecn\u00f3pole), em Ourense, acolheu no passado dia 15 de abril a segunda edi\u00e7\u00e3o do F\u00f3rum de Inova\u00e7\u00e3o e Tecnologia, organizado pelo C\u00edrculo de Empres\u00e1rios da Galiza. O encontro, que tamb\u00e9m p\u00f4de ser seguido em formato online, reuniu representantes do mundo empresarial, tecnol\u00f3gico e institucional da comunidade. Ao longo da manh\u00e3 [&hellip;]<\/p>\n","protected":false},"author":4,"featured_media":2441,"comment_status":"closed","ping_status":"closed","sticky":false,"template":"","format":"standard","meta":{"_acf_changed":false,"footnotes":""},"categories":[18],"tags":[],"class_list":["post-2444","post","type-post","status-publish","format-standard","has-post-thumbnail","hentry","category-noticias-pt-pt"],"acf":[],"yoast_head":"<!-- This site is optimized with the Yoast SEO plugin v27.5 - https:\/\/yoast.com\/product\/yoast-seo-wordpress\/ -->\n<title>O F\u00f3rum de Inova\u00e7\u00e3o e Tecnologia celebra a sua segunda edi\u00e7\u00e3o em Ourense sob o lema &quot;Galiza perante o pr\u00f3ximo ciclo&quot; - AeroGanp<\/title>\n<meta name=\"description\" content=\"El Parque Tecnol\u00f3xico de Galicia (Tecn\u00f3pole), en Ourense, acogi\u00f3 el pasado 15 de abril la segunda edici\u00f3n del Foro de Innovaci\u00f3n\" \/>\n<meta name=\"robots\" content=\"index, follow, max-snippet:-1, max-image-preview:large, max-video-preview:-1\" \/>\n<link rel=\"canonical\" href=\"https:\/\/aeroganp.org\/pt-pt\/el-foro-de-innovacion-y-tecnologia-celebra-su-segunda-edicion-en-ourense-bajo-el-lema-galicia-ante-el-proximo-ciclo\/\" \/>\n<meta property=\"og:locale\" content=\"pt_PT\" \/>\n<meta property=\"og:type\" content=\"article\" \/>\n<meta property=\"og:title\" content=\"O F\u00f3rum de Inova\u00e7\u00e3o e Tecnologia celebra a sua segunda edi\u00e7\u00e3o em Ourense sob o lema &quot;Galiza perante o pr\u00f3ximo ciclo&quot; - AeroGanp\" \/>\n<meta property=\"og:description\" content=\"El Parque Tecnol\u00f3xico de Galicia (Tecn\u00f3pole), en Ourense, acogi\u00f3 el pasado 15 de abril la segunda edici\u00f3n del Foro de Innovaci\u00f3n\" \/>\n<meta property=\"og:url\" content=\"https:\/\/aeroganp.org\/pt-pt\/el-foro-de-innovacion-y-tecnologia-celebra-su-segunda-edicion-en-ourense-bajo-el-lema-galicia-ante-el-proximo-ciclo\/\" \/>\n<meta property=\"og:site_name\" content=\"AeroGanp\" \/>\n<meta property=\"article:publisher\" content=\"https:\/\/www.facebook.com\/poctepaeroganp\/\" \/>\n<meta property=\"article:published_time\" content=\"2026-04-20T09:00:46+00:00\" \/>\n<meta property=\"article:modified_time\" content=\"2026-04-21T08:17:40+00:00\" \/>\n<meta property=\"og:image\" content=\"https:\/\/aeroganp.org\/wp-content\/uploads\/2026\/04\/WhatsApp-Image-2026-04-15-at-14.59.28-1.webp\" \/>\n\t<meta property=\"og:image:width\" content=\"1199\" \/>\n\t<meta property=\"og:image:height\" content=\"750\" \/>\n\t<meta property=\"og:image:type\" content=\"image\/webp\" \/>\n<meta name=\"author\" content=\"Nuevo Admin\" \/>\n<meta name=\"twitter:card\" content=\"summary_large_image\" \/>\n<meta name=\"twitter:label1\" content=\"Escrito por\" \/>\n\t<meta name=\"twitter:data1\" content=\"Nuevo Admin\" \/>\n\t<meta name=\"twitter:label2\" content=\"Tempo estimado de leitura\" \/>\n\t<meta name=\"twitter:data2\" content=\"1 minuto\" \/>\n<script type=\"application\/ld+json\" class=\"yoast-schema-graph\">{\"@context\":\"https:\\\/\\\/schema.org\",\"@graph\":[{\"@type\":\"Article\",\"@id\":\"https:\\\/\\\/aeroganp.org\\\/pt-pt\\\/el-foro-de-innovacion-y-tecnologia-celebra-su-segunda-edicion-en-ourense-bajo-el-lema-galicia-ante-el-proximo-ciclo\\\/#article\",\"isPartOf\":{\"@id\":\"https:\\\/\\\/aeroganp.org\\\/pt-pt\\\/el-foro-de-innovacion-y-tecnologia-celebra-su-segunda-edicion-en-ourense-bajo-el-lema-galicia-ante-el-proximo-ciclo\\\/\"},\"author\":{\"name\":\"Nuevo Admin\",\"@id\":\"https:\\\/\\\/aeroganp.org\\\/#\\\/schema\\\/person\\\/4dbbb6f1ca9e56c7ed844349d270ab0c\"},\"headline\":\"O F\u00f3rum de Inova\u00e7\u00e3o e Tecnologia celebra a sua segunda edi\u00e7\u00e3o em Ourense sob o lema &#8220;Galiza perante o pr\u00f3ximo ciclo&#8221;\",\"datePublished\":\"2026-04-20T09:00:46+00:00\",\"dateModified\":\"2026-04-21T08:17:40+00:00\",\"mainEntityOfPage\":{\"@id\":\"https:\\\/\\\/aeroganp.org\\\/pt-pt\\\/el-foro-de-innovacion-y-tecnologia-celebra-su-segunda-edicion-en-ourense-bajo-el-lema-galicia-ante-el-proximo-ciclo\\\/\"},\"wordCount\":187,\"publisher\":{\"@id\":\"https:\\\/\\\/aeroganp.org\\\/#organization\"},\"image\":{\"@id\":\"https:\\\/\\\/aeroganp.org\\\/pt-pt\\\/el-foro-de-innovacion-y-tecnologia-celebra-su-segunda-edicion-en-ourense-bajo-el-lema-galicia-ante-el-proximo-ciclo\\\/#primaryimage\"},\"thumbnailUrl\":\"https:\\\/\\\/aeroganp.org\\\/wp-content\\\/uploads\\\/2026\\\/04\\\/WhatsApp-Image-2026-04-15-at-14.59.28-1.webp\",\"articleSection\":[\"Not\u00edcias\"],\"inLanguage\":\"pt-PT\"},{\"@type\":\"WebPage\",\"@id\":\"https:\\\/\\\/aeroganp.org\\\/pt-pt\\\/el-foro-de-innovacion-y-tecnologia-celebra-su-segunda-edicion-en-ourense-bajo-el-lema-galicia-ante-el-proximo-ciclo\\\/\",\"url\":\"https:\\\/\\\/aeroganp.org\\\/pt-pt\\\/el-foro-de-innovacion-y-tecnologia-celebra-su-segunda-edicion-en-ourense-bajo-el-lema-galicia-ante-el-proximo-ciclo\\\/\",\"name\":\"O F\u00f3rum de Inova\u00e7\u00e3o e Tecnologia celebra a sua segunda edi\u00e7\u00e3o em Ourense sob o lema \\\"Galiza perante o pr\u00f3ximo ciclo\\\" - AeroGanp\",\"isPartOf\":{\"@id\":\"https:\\\/\\\/aeroganp.org\\\/#website\"},\"primaryImageOfPage\":{\"@id\":\"https:\\\/\\\/aeroganp.org\\\/pt-pt\\\/el-foro-de-innovacion-y-tecnologia-celebra-su-segunda-edicion-en-ourense-bajo-el-lema-galicia-ante-el-proximo-ciclo\\\/#primaryimage\"},\"image\":{\"@id\":\"https:\\\/\\\/aeroganp.org\\\/pt-pt\\\/el-foro-de-innovacion-y-tecnologia-celebra-su-segunda-edicion-en-ourense-bajo-el-lema-galicia-ante-el-proximo-ciclo\\\/#primaryimage\"},\"thumbnailUrl\":\"https:\\\/\\\/aeroganp.org\\\/wp-content\\\/uploads\\\/2026\\\/04\\\/WhatsApp-Image-2026-04-15-at-14.59.28-1.webp\",\"datePublished\":\"2026-04-20T09:00:46+00:00\",\"dateModified\":\"2026-04-21T08:17:40+00:00\",\"description\":\"El Parque Tecnol\u00f3xico de Galicia (Tecn\u00f3pole), en Ourense, acogi\u00f3 el pasado 15 de abril la segunda edici\u00f3n del Foro de Innovaci\u00f3n\",\"breadcrumb\":{\"@id\":\"https:\\\/\\\/aeroganp.org\\\/pt-pt\\\/el-foro-de-innovacion-y-tecnologia-celebra-su-segunda-edicion-en-ourense-bajo-el-lema-galicia-ante-el-proximo-ciclo\\\/#breadcrumb\"},\"inLanguage\":\"pt-PT\",\"potentialAction\":[{\"@type\":\"ReadAction\",\"target\":[\"https:\\\/\\\/aeroganp.org\\\/pt-pt\\\/el-foro-de-innovacion-y-tecnologia-celebra-su-segunda-edicion-en-ourense-bajo-el-lema-galicia-ante-el-proximo-ciclo\\\/\"]}]},{\"@type\":\"ImageObject\",\"inLanguage\":\"pt-PT\",\"@id\":\"https:\\\/\\\/aeroganp.org\\\/pt-pt\\\/el-foro-de-innovacion-y-tecnologia-celebra-su-segunda-edicion-en-ourense-bajo-el-lema-galicia-ante-el-proximo-ciclo\\\/#primaryimage\",\"url\":\"https:\\\/\\\/aeroganp.org\\\/wp-content\\\/uploads\\\/2026\\\/04\\\/WhatsApp-Image-2026-04-15-at-14.59.28-1.webp\",\"contentUrl\":\"https:\\\/\\\/aeroganp.org\\\/wp-content\\\/uploads\\\/2026\\\/04\\\/WhatsApp-Image-2026-04-15-at-14.59.28-1.webp\",\"width\":1199,\"height\":750},{\"@type\":\"BreadcrumbList\",\"@id\":\"https:\\\/\\\/aeroganp.org\\\/pt-pt\\\/el-foro-de-innovacion-y-tecnologia-celebra-su-segunda-edicion-en-ourense-bajo-el-lema-galicia-ante-el-proximo-ciclo\\\/#breadcrumb\",\"itemListElement\":[{\"@type\":\"ListItem\",\"position\":1,\"name\":\"Portada\",\"item\":\"https:\\\/\\\/aeroganp.org\\\/pt-pt\\\/home\\\/\"},{\"@type\":\"ListItem\",\"position\":2,\"name\":\"O F\u00f3rum de Inova\u00e7\u00e3o e Tecnologia celebra a sua segunda edi\u00e7\u00e3o em Ourense sob o lema \u00abGaliza perante o pr\u00f3ximo ciclo\u00bb\"}]},{\"@type\":\"WebSite\",\"@id\":\"https:\\\/\\\/aeroganp.org\\\/#website\",\"url\":\"https:\\\/\\\/aeroganp.org\\\/\",\"name\":\"AeroGanp\",\"description\":\"POCTEP PROJECT 2023-2026\",\"publisher\":{\"@id\":\"https:\\\/\\\/aeroganp.org\\\/#organization\"},\"potentialAction\":[{\"@type\":\"SearchAction\",\"target\":{\"@type\":\"EntryPoint\",\"urlTemplate\":\"https:\\\/\\\/aeroganp.org\\\/?s={search_term_string}\"},\"query-input\":{\"@type\":\"PropertyValueSpecification\",\"valueRequired\":true,\"valueName\":\"search_term_string\"}}],\"inLanguage\":\"pt-PT\"},{\"@type\":\"Organization\",\"@id\":\"https:\\\/\\\/aeroganp.org\\\/#organization\",\"name\":\"AeroGanp\",\"url\":\"https:\\\/\\\/aeroganp.org\\\/\",\"logo\":{\"@type\":\"ImageObject\",\"inLanguage\":\"pt-PT\",\"@id\":\"https:\\\/\\\/aeroganp.org\\\/#\\\/schema\\\/logo\\\/image\\\/\",\"url\":\"https:\\\/\\\/aeroganp.org\\\/wp-content\\\/uploads\\\/2023\\\/11\\\/logotipo-aeroganp.svg\",\"contentUrl\":\"https:\\\/\\\/aeroganp.org\\\/wp-content\\\/uploads\\\/2023\\\/11\\\/logotipo-aeroganp.svg\",\"width\":841,\"height\":169,\"caption\":\"AeroGanp\"},\"image\":{\"@id\":\"https:\\\/\\\/aeroganp.org\\\/#\\\/schema\\\/logo\\\/image\\\/\"},\"sameAs\":[\"https:\\\/\\\/www.facebook.com\\\/poctepaeroganp\\\/\",\"https:\\\/\\\/www.instagram.com\\\/poctepaeroganp\\\/\"]},{\"@type\":\"Person\",\"@id\":\"https:\\\/\\\/aeroganp.org\\\/#\\\/schema\\\/person\\\/4dbbb6f1ca9e56c7ed844349d270ab0c\",\"name\":\"Nuevo Admin\",\"image\":{\"@type\":\"ImageObject\",\"inLanguage\":\"pt-PT\",\"@id\":\"https:\\\/\\\/secure.gravatar.com\\\/avatar\\\/594fbda3ea444066b0d14c8efc0d15e519a0c7dbb4dda67914539e166fa123a2?s=96&d=mm&r=g\",\"url\":\"https:\\\/\\\/secure.gravatar.com\\\/avatar\\\/594fbda3ea444066b0d14c8efc0d15e519a0c7dbb4dda67914539e166fa123a2?s=96&d=mm&r=g\",\"contentUrl\":\"https:\\\/\\\/secure.gravatar.com\\\/avatar\\\/594fbda3ea444066b0d14c8efc0d15e519a0c7dbb4dda67914539e166fa123a2?s=96&d=mm&r=g\",\"caption\":\"Nuevo Admin\"},\"url\":\"https:\\\/\\\/aeroganp.org\\\/pt-pt\\\/author\\\/nuevoadmin\\\/\"}]}<\/script>\n<!-- \/ Yoast SEO plugin. -->","yoast_head_json":{"title":"O F\u00f3rum de Inova\u00e7\u00e3o e Tecnologia celebra a sua segunda edi\u00e7\u00e3o em Ourense sob o lema \"Galiza perante o pr\u00f3ximo ciclo\" - AeroGanp","description":"El Parque Tecnol\u00f3xico de Galicia (Tecn\u00f3pole), en Ourense, acogi\u00f3 el pasado 15 de abril la segunda edici\u00f3n del Foro de Innovaci\u00f3n","robots":{"index":"index","follow":"follow","max-snippet":"max-snippet:-1","max-image-preview":"max-image-preview:large","max-video-preview":"max-video-preview:-1"},"canonical":"https:\/\/aeroganp.org\/pt-pt\/el-foro-de-innovacion-y-tecnologia-celebra-su-segunda-edicion-en-ourense-bajo-el-lema-galicia-ante-el-proximo-ciclo\/","og_locale":"pt_PT","og_type":"article","og_title":"O F\u00f3rum de Inova\u00e7\u00e3o e Tecnologia celebra a sua segunda edi\u00e7\u00e3o em Ourense sob o lema \"Galiza perante o pr\u00f3ximo ciclo\" - AeroGanp","og_description":"El Parque Tecnol\u00f3xico de Galicia (Tecn\u00f3pole), en Ourense, acogi\u00f3 el pasado 15 de abril la segunda edici\u00f3n del Foro de Innovaci\u00f3n","og_url":"https:\/\/aeroganp.org\/pt-pt\/el-foro-de-innovacion-y-tecnologia-celebra-su-segunda-edicion-en-ourense-bajo-el-lema-galicia-ante-el-proximo-ciclo\/","og_site_name":"AeroGanp","article_publisher":"https:\/\/www.facebook.com\/poctepaeroganp\/","article_published_time":"2026-04-20T09:00:46+00:00","article_modified_time":"2026-04-21T08:17:40+00:00","og_image":[{"width":1199,"height":750,"url":"https:\/\/aeroganp.org\/wp-content\/uploads\/2026\/04\/WhatsApp-Image-2026-04-15-at-14.59.28-1.webp","type":"image\/webp"}],"author":"Nuevo Admin","twitter_card":"summary_large_image","twitter_misc":{"Escrito por":"Nuevo Admin","Tempo estimado de leitura":"1 minuto"},"schema":{"@context":"https:\/\/schema.org","@graph":[{"@type":"Article","@id":"https:\/\/aeroganp.org\/pt-pt\/el-foro-de-innovacion-y-tecnologia-celebra-su-segunda-edicion-en-ourense-bajo-el-lema-galicia-ante-el-proximo-ciclo\/#article","isPartOf":{"@id":"https:\/\/aeroganp.org\/pt-pt\/el-foro-de-innovacion-y-tecnologia-celebra-su-segunda-edicion-en-ourense-bajo-el-lema-galicia-ante-el-proximo-ciclo\/"},"author":{"name":"Nuevo Admin","@id":"https:\/\/aeroganp.org\/#\/schema\/person\/4dbbb6f1ca9e56c7ed844349d270ab0c"},"headline":"O F\u00f3rum de Inova\u00e7\u00e3o e Tecnologia celebra a sua segunda edi\u00e7\u00e3o em Ourense sob o lema &#8220;Galiza perante o pr\u00f3ximo ciclo&#8221;","datePublished":"2026-04-20T09:00:46+00:00","dateModified":"2026-04-21T08:17:40+00:00","mainEntityOfPage":{"@id":"https:\/\/aeroganp.org\/pt-pt\/el-foro-de-innovacion-y-tecnologia-celebra-su-segunda-edicion-en-ourense-bajo-el-lema-galicia-ante-el-proximo-ciclo\/"},"wordCount":187,"publisher":{"@id":"https:\/\/aeroganp.org\/#organization"},"image":{"@id":"https:\/\/aeroganp.org\/pt-pt\/el-foro-de-innovacion-y-tecnologia-celebra-su-segunda-edicion-en-ourense-bajo-el-lema-galicia-ante-el-proximo-ciclo\/#primaryimage"},"thumbnailUrl":"https:\/\/aeroganp.org\/wp-content\/uploads\/2026\/04\/WhatsApp-Image-2026-04-15-at-14.59.28-1.webp","articleSection":["Not\u00edcias"],"inLanguage":"pt-PT"},{"@type":"WebPage","@id":"https:\/\/aeroganp.org\/pt-pt\/el-foro-de-innovacion-y-tecnologia-celebra-su-segunda-edicion-en-ourense-bajo-el-lema-galicia-ante-el-proximo-ciclo\/","url":"https:\/\/aeroganp.org\/pt-pt\/el-foro-de-innovacion-y-tecnologia-celebra-su-segunda-edicion-en-ourense-bajo-el-lema-galicia-ante-el-proximo-ciclo\/","name":"O F\u00f3rum de Inova\u00e7\u00e3o e Tecnologia celebra a sua segunda edi\u00e7\u00e3o em Ourense sob o lema \"Galiza perante o pr\u00f3ximo ciclo\" - AeroGanp","isPartOf":{"@id":"https:\/\/aeroganp.org\/#website"},"primaryImageOfPage":{"@id":"https:\/\/aeroganp.org\/pt-pt\/el-foro-de-innovacion-y-tecnologia-celebra-su-segunda-edicion-en-ourense-bajo-el-lema-galicia-ante-el-proximo-ciclo\/#primaryimage"},"image":{"@id":"https:\/\/aeroganp.org\/pt-pt\/el-foro-de-innovacion-y-tecnologia-celebra-su-segunda-edicion-en-ourense-bajo-el-lema-galicia-ante-el-proximo-ciclo\/#primaryimage"},"thumbnailUrl":"https:\/\/aeroganp.org\/wp-content\/uploads\/2026\/04\/WhatsApp-Image-2026-04-15-at-14.59.28-1.webp","datePublished":"2026-04-20T09:00:46+00:00","dateModified":"2026-04-21T08:17:40+00:00","description":"El Parque Tecnol\u00f3xico de Galicia (Tecn\u00f3pole), en Ourense, acogi\u00f3 el pasado 15 de abril la segunda edici\u00f3n del Foro de Innovaci\u00f3n","breadcrumb":{"@id":"https:\/\/aeroganp.org\/pt-pt\/el-foro-de-innovacion-y-tecnologia-celebra-su-segunda-edicion-en-ourense-bajo-el-lema-galicia-ante-el-proximo-ciclo\/#breadcrumb"},"inLanguage":"pt-PT","potentialAction":[{"@type":"ReadAction","target":["https:\/\/aeroganp.org\/pt-pt\/el-foro-de-innovacion-y-tecnologia-celebra-su-segunda-edicion-en-ourense-bajo-el-lema-galicia-ante-el-proximo-ciclo\/"]}]},{"@type":"ImageObject","inLanguage":"pt-PT","@id":"https:\/\/aeroganp.org\/pt-pt\/el-foro-de-innovacion-y-tecnologia-celebra-su-segunda-edicion-en-ourense-bajo-el-lema-galicia-ante-el-proximo-ciclo\/#primaryimage","url":"https:\/\/aeroganp.org\/wp-content\/uploads\/2026\/04\/WhatsApp-Image-2026-04-15-at-14.59.28-1.webp","contentUrl":"https:\/\/aeroganp.org\/wp-content\/uploads\/2026\/04\/WhatsApp-Image-2026-04-15-at-14.59.28-1.webp","width":1199,"height":750},{"@type":"BreadcrumbList","@id":"https:\/\/aeroganp.org\/pt-pt\/el-foro-de-innovacion-y-tecnologia-celebra-su-segunda-edicion-en-ourense-bajo-el-lema-galicia-ante-el-proximo-ciclo\/#breadcrumb","itemListElement":[{"@type":"ListItem","position":1,"name":"Portada","item":"https:\/\/aeroganp.org\/pt-pt\/home\/"},{"@type":"ListItem","position":2,"name":"O F\u00f3rum de Inova\u00e7\u00e3o e Tecnologia celebra a sua segunda edi\u00e7\u00e3o em Ourense sob o lema \u00abGaliza perante o pr\u00f3ximo ciclo\u00bb"}]},{"@type":"WebSite","@id":"https:\/\/aeroganp.org\/#website","url":"https:\/\/aeroganp.org\/","name":"AeroGanp","description":"POCTEP PROJECT 2023-2026","publisher":{"@id":"https:\/\/aeroganp.org\/#organization"},"potentialAction":[{"@type":"SearchAction","target":{"@type":"EntryPoint","urlTemplate":"https:\/\/aeroganp.org\/?s={search_term_string}"},"query-input":{"@type":"PropertyValueSpecification","valueRequired":true,"valueName":"search_term_string"}}],"inLanguage":"pt-PT"},{"@type":"Organization","@id":"https:\/\/aeroganp.org\/#organization","name":"AeroGanp","url":"https:\/\/aeroganp.org\/","logo":{"@type":"ImageObject","inLanguage":"pt-PT","@id":"https:\/\/aeroganp.org\/#\/schema\/logo\/image\/","url":"https:\/\/aeroganp.org\/wp-content\/uploads\/2023\/11\/logotipo-aeroganp.svg","contentUrl":"https:\/\/aeroganp.org\/wp-content\/uploads\/2023\/11\/logotipo-aeroganp.svg","width":841,"height":169,"caption":"AeroGanp"},"image":{"@id":"https:\/\/aeroganp.org\/#\/schema\/logo\/image\/"},"sameAs":["https:\/\/www.facebook.com\/poctepaeroganp\/","https:\/\/www.instagram.com\/poctepaeroganp\/"]},{"@type":"Person","@id":"https:\/\/aeroganp.org\/#\/schema\/person\/4dbbb6f1ca9e56c7ed844349d270ab0c","name":"Nuevo Admin","image":{"@type":"ImageObject","inLanguage":"pt-PT","@id":"https:\/\/secure.gravatar.com\/avatar\/594fbda3ea444066b0d14c8efc0d15e519a0c7dbb4dda67914539e166fa123a2?s=96&d=mm&r=g","url":"https:\/\/secure.gravatar.com\/avatar\/594fbda3ea444066b0d14c8efc0d15e519a0c7dbb4dda67914539e166fa123a2?s=96&d=mm&r=g","contentUrl":"https:\/\/secure.gravatar.com\/avatar\/594fbda3ea444066b0d14c8efc0d15e519a0c7dbb4dda67914539e166fa123a2?s=96&d=mm&r=g","caption":"Nuevo Admin"},"url":"https:\/\/aeroganp.org\/pt-pt\/author\/nuevoadmin\/"}]}},"_links":{"self":[{"href":"https:\/\/aeroganp.org\/pt-pt\/wp-json\/wp\/v2\/posts\/2444","targetHints":{"allow":["GET"]}}],"collection":[{"href":"https:\/\/aeroganp.org\/pt-pt\/wp-json\/wp\/v2\/posts"}],"about":[{"href":"https:\/\/aeroganp.org\/pt-pt\/wp-json\/wp\/v2\/types\/post"}],"author":[{"embeddable":true,"href":"https:\/\/aeroganp.org\/pt-pt\/wp-json\/wp\/v2\/users\/4"}],"replies":[{"embeddable":true,"href":"https:\/\/aeroganp.org\/pt-pt\/wp-json\/wp\/v2\/comments?post=2444"}],"version-history":[{"count":2,"href":"https:\/\/aeroganp.org\/pt-pt\/wp-json\/wp\/v2\/posts\/2444\/revisions"}],"predecessor-version":[{"id":2446,"href":"https:\/\/aeroganp.org\/pt-pt\/wp-json\/wp\/v2\/posts\/2444\/revisions\/2446"}],"wp:featuredmedia":[{"embeddable":true,"href":"https:\/\/aeroganp.org\/pt-pt\/wp-json\/wp\/v2\/media\/2441"}],"wp:attachment":[{"href":"https:\/\/aeroganp.org\/pt-pt\/wp-json\/wp\/v2\/media?parent=2444"}],"wp:term":[{"taxonomy":"category","embeddable":true,"href":"https:\/\/aeroganp.org\/pt-pt\/wp-json\/wp\/v2\/categories?post=2444"},{"taxonomy":"post_tag","embeddable":true,"href":"https:\/\/aeroganp.org\/pt-pt\/wp-json\/wp\/v2\/tags?post=2444"}],"curies":[{"name":"wp","href":"https:\/\/api.w.org\/{rel}","templated":true}]}}