{"id":2401,"date":"2026-03-06T12:44:34","date_gmt":"2026-03-06T12:44:34","guid":{"rendered":"https:\/\/aeroganp.org\/?p=2401"},"modified":"2026-03-13T12:50:48","modified_gmt":"2026-03-13T12:50:48","slug":"galiza-aposta-pela-industria-de-defesa","status":"publish","type":"post","link":"https:\/\/aeroganp.org\/pt-pt\/galiza-aposta-pela-industria-de-defesa\/","title":{"rendered":"Galiza aposta pela ind\u00fastria de defesa"},"content":{"rendered":"<p>O 6 de mar\u00e7o, a Sala Eisenman da Cidade da Cultura de Galicia acolheu a apresenta\u00e7\u00e3o oficial do Programa Executivo em Ind\u00fastria de Defesa na Galiza, uma iniciativa promovida pela Escola de Organiza\u00e7\u00e3o Industrial (EOI) e pela TEDAE no \u00e2mbito da Iniciativa Estrat\u00e9gica em Seguran\u00e7a, Defesa e Espa\u00e7o A\u00e9reo. O evento contou com a presen\u00e7a de s\u00f3cios do projeto AEROGANP, que puderam conhecer em primeira m\u00e3o as oportunidades que este programa oferece ao tecido empresarial galego.<\/p>\n<p>O evento foi inaugurado por Diego Crescente de Antonio, diretor geral da EOI, que salientou o car\u00e1ter estrat\u00e9gico do programa para refor\u00e7ar as capacidades formativas do setor industrial galego no dom\u00ednio da defesa. De seguida, C\u00e9sar Ramos, diretor geral da TEDAE e diretor acad\u00e9mico do programa, apresentou os objetivos de forma\u00e7\u00e3o de talento orientados para a constru\u00e7\u00e3o de um futuro mais seguro e sustent\u00e1vel.<\/p>\n<p>Uma das interven\u00e7\u00f5es mais relevantes foi a do General Vicente Torres, subdiretor geral de Estrat\u00e9gia Industrial da Defesa, que analisou as oportunidades concretas que o novo contexto da defesa europeia abre para a ind\u00fastria galega. O ato foi encerrado por Mar\u00eda Jes\u00fas Lorenzana, conselheira de Economia e Ind\u00fastria da Xunta de Galicia, que sublinhou o compromisso institucional com o desenvolvimento do setor aeroespacial e de defesa na regi\u00e3o.<\/p>\n<p>Consulte o <a href=\"https:\/\/aeroganp.org\/wp-content\/uploads\/2026\/03\/PROGRAMA_01.pdf\">programa do encontro atrav\u00e9s do link.<\/a><\/p>\n","protected":false},"excerpt":{"rendered":"<p>O 6 de mar\u00e7o, a Sala Eisenman da Cidade da Cultura de Galicia acolheu a apresenta\u00e7\u00e3o oficial do Programa Executivo em Ind\u00fastria de Defesa na Galiza, uma iniciativa promovida pela Escola de Organiza\u00e7\u00e3o Industrial (EOI) e pela TEDAE no \u00e2mbito da Iniciativa Estrat\u00e9gica em Seguran\u00e7a, Defesa e Espa\u00e7o A\u00e9reo. O evento contou com a presen\u00e7a [&hellip;]<\/p>\n","protected":false},"author":4,"featured_media":2399,"comment_status":"closed","ping_status":"closed","sticky":false,"template":"","format":"standard","meta":{"_acf_changed":false,"footnotes":""},"categories":[18],"tags":[],"class_list":["post-2401","post","type-post","status-publish","format-standard","has-post-thumbnail","hentry","category-noticias-pt-pt"],"acf":[],"yoast_head":"<!-- This site is optimized with the Yoast SEO plugin v27.5 - https:\/\/yoast.com\/product\/yoast-seo-wordpress\/ -->\n<title>Galiza aposta pela ind\u00fastria de defesa - AeroGanp<\/title>\n<meta name=\"robots\" content=\"index, follow, max-snippet:-1, max-image-preview:large, max-video-preview:-1\" \/>\n<link rel=\"canonical\" href=\"https:\/\/aeroganp.org\/pt-pt\/galiza-aposta-pela-industria-de-defesa\/\" \/>\n<meta property=\"og:locale\" content=\"pt_PT\" \/>\n<meta property=\"og:type\" content=\"article\" \/>\n<meta property=\"og:title\" content=\"Galiza aposta pela ind\u00fastria de defesa - AeroGanp\" \/>\n<meta property=\"og:description\" content=\"O 6 de mar\u00e7o, a Sala Eisenman da Cidade da Cultura de Galicia acolheu a apresenta\u00e7\u00e3o oficial do Programa Executivo em Ind\u00fastria de Defesa na Galiza, uma iniciativa promovida pela Escola de Organiza\u00e7\u00e3o Industrial (EOI) e pela TEDAE no \u00e2mbito da Iniciativa Estrat\u00e9gica em Seguran\u00e7a, Defesa e Espa\u00e7o A\u00e9reo. O evento contou com a presen\u00e7a [&hellip;]\" \/>\n<meta property=\"og:url\" content=\"https:\/\/aeroganp.org\/pt-pt\/galiza-aposta-pela-industria-de-defesa\/\" \/>\n<meta property=\"og:site_name\" content=\"AeroGanp\" \/>\n<meta property=\"article:publisher\" content=\"https:\/\/www.facebook.com\/poctepaeroganp\/\" \/>\n<meta property=\"article:published_time\" content=\"2026-03-06T12:44:34+00:00\" \/>\n<meta property=\"article:modified_time\" content=\"2026-03-13T12:50:48+00:00\" \/>\n<meta property=\"og:image\" content=\"https:\/\/aeroganp.org\/wp-content\/uploads\/2026\/03\/WhatsApp-Image-2026-03-06-at-13.08.13-1.webp\" \/>\n\t<meta property=\"og:image:width\" content=\"1600\" \/>\n\t<meta property=\"og:image:height\" content=\"1200\" \/>\n\t<meta property=\"og:image:type\" content=\"image\/webp\" \/>\n<meta name=\"author\" content=\"Nuevo Admin\" \/>\n<meta name=\"twitter:card\" content=\"summary_large_image\" \/>\n<meta name=\"twitter:label1\" content=\"Escrito por\" \/>\n\t<meta name=\"twitter:data1\" content=\"Nuevo Admin\" \/>\n\t<meta name=\"twitter:label2\" content=\"Tempo estimado de leitura\" \/>\n\t<meta name=\"twitter:data2\" content=\"2 minutos\" \/>\n<script type=\"application\/ld+json\" class=\"yoast-schema-graph\">{\"@context\":\"https:\\\/\\\/schema.org\",\"@graph\":[{\"@type\":\"Article\",\"@id\":\"https:\\\/\\\/aeroganp.org\\\/pt-pt\\\/galiza-aposta-pela-industria-de-defesa\\\/#article\",\"isPartOf\":{\"@id\":\"https:\\\/\\\/aeroganp.org\\\/pt-pt\\\/galiza-aposta-pela-industria-de-defesa\\\/\"},\"author\":{\"name\":\"Nuevo Admin\",\"@id\":\"https:\\\/\\\/aeroganp.org\\\/#\\\/schema\\\/person\\\/4dbbb6f1ca9e56c7ed844349d270ab0c\"},\"headline\":\"Galiza aposta pela ind\u00fastria de defesa\",\"datePublished\":\"2026-03-06T12:44:34+00:00\",\"dateModified\":\"2026-03-13T12:50:48+00:00\",\"mainEntityOfPage\":{\"@id\":\"https:\\\/\\\/aeroganp.org\\\/pt-pt\\\/galiza-aposta-pela-industria-de-defesa\\\/\"},\"wordCount\":250,\"publisher\":{\"@id\":\"https:\\\/\\\/aeroganp.org\\\/#organization\"},\"image\":{\"@id\":\"https:\\\/\\\/aeroganp.org\\\/pt-pt\\\/galiza-aposta-pela-industria-de-defesa\\\/#primaryimage\"},\"thumbnailUrl\":\"https:\\\/\\\/aeroganp.org\\\/wp-content\\\/uploads\\\/2026\\\/03\\\/WhatsApp-Image-2026-03-06-at-13.08.13-1.webp\",\"articleSection\":[\"Not\u00edcias\"],\"inLanguage\":\"pt-PT\"},{\"@type\":\"WebPage\",\"@id\":\"https:\\\/\\\/aeroganp.org\\\/pt-pt\\\/galiza-aposta-pela-industria-de-defesa\\\/\",\"url\":\"https:\\\/\\\/aeroganp.org\\\/pt-pt\\\/galiza-aposta-pela-industria-de-defesa\\\/\",\"name\":\"Galiza aposta pela ind\u00fastria de defesa - AeroGanp\",\"isPartOf\":{\"@id\":\"https:\\\/\\\/aeroganp.org\\\/#website\"},\"primaryImageOfPage\":{\"@id\":\"https:\\\/\\\/aeroganp.org\\\/pt-pt\\\/galiza-aposta-pela-industria-de-defesa\\\/#primaryimage\"},\"image\":{\"@id\":\"https:\\\/\\\/aeroganp.org\\\/pt-pt\\\/galiza-aposta-pela-industria-de-defesa\\\/#primaryimage\"},\"thumbnailUrl\":\"https:\\\/\\\/aeroganp.org\\\/wp-content\\\/uploads\\\/2026\\\/03\\\/WhatsApp-Image-2026-03-06-at-13.08.13-1.webp\",\"datePublished\":\"2026-03-06T12:44:34+00:00\",\"dateModified\":\"2026-03-13T12:50:48+00:00\",\"breadcrumb\":{\"@id\":\"https:\\\/\\\/aeroganp.org\\\/pt-pt\\\/galiza-aposta-pela-industria-de-defesa\\\/#breadcrumb\"},\"inLanguage\":\"pt-PT\",\"potentialAction\":[{\"@type\":\"ReadAction\",\"target\":[\"https:\\\/\\\/aeroganp.org\\\/pt-pt\\\/galiza-aposta-pela-industria-de-defesa\\\/\"]}]},{\"@type\":\"ImageObject\",\"inLanguage\":\"pt-PT\",\"@id\":\"https:\\\/\\\/aeroganp.org\\\/pt-pt\\\/galiza-aposta-pela-industria-de-defesa\\\/#primaryimage\",\"url\":\"https:\\\/\\\/aeroganp.org\\\/wp-content\\\/uploads\\\/2026\\\/03\\\/WhatsApp-Image-2026-03-06-at-13.08.13-1.webp\",\"contentUrl\":\"https:\\\/\\\/aeroganp.org\\\/wp-content\\\/uploads\\\/2026\\\/03\\\/WhatsApp-Image-2026-03-06-at-13.08.13-1.webp\",\"width\":1600,\"height\":1200},{\"@type\":\"BreadcrumbList\",\"@id\":\"https:\\\/\\\/aeroganp.org\\\/pt-pt\\\/galiza-aposta-pela-industria-de-defesa\\\/#breadcrumb\",\"itemListElement\":[{\"@type\":\"ListItem\",\"position\":1,\"name\":\"Portada\",\"item\":\"https:\\\/\\\/aeroganp.org\\\/pt-pt\\\/home\\\/\"},{\"@type\":\"ListItem\",\"position\":2,\"name\":\"Galiza aposta pela ind\u00fastria de defesa\"}]},{\"@type\":\"WebSite\",\"@id\":\"https:\\\/\\\/aeroganp.org\\\/#website\",\"url\":\"https:\\\/\\\/aeroganp.org\\\/\",\"name\":\"AeroGanp\",\"description\":\"POCTEP PROJECT 2023-2026\",\"publisher\":{\"@id\":\"https:\\\/\\\/aeroganp.org\\\/#organization\"},\"potentialAction\":[{\"@type\":\"SearchAction\",\"target\":{\"@type\":\"EntryPoint\",\"urlTemplate\":\"https:\\\/\\\/aeroganp.org\\\/?s={search_term_string}\"},\"query-input\":{\"@type\":\"PropertyValueSpecification\",\"valueRequired\":true,\"valueName\":\"search_term_string\"}}],\"inLanguage\":\"pt-PT\"},{\"@type\":\"Organization\",\"@id\":\"https:\\\/\\\/aeroganp.org\\\/#organization\",\"name\":\"AeroGanp\",\"url\":\"https:\\\/\\\/aeroganp.org\\\/\",\"logo\":{\"@type\":\"ImageObject\",\"inLanguage\":\"pt-PT\",\"@id\":\"https:\\\/\\\/aeroganp.org\\\/#\\\/schema\\\/logo\\\/image\\\/\",\"url\":\"https:\\\/\\\/aeroganp.org\\\/wp-content\\\/uploads\\\/2023\\\/11\\\/logotipo-aeroganp.svg\",\"contentUrl\":\"https:\\\/\\\/aeroganp.org\\\/wp-content\\\/uploads\\\/2023\\\/11\\\/logotipo-aeroganp.svg\",\"width\":841,\"height\":169,\"caption\":\"AeroGanp\"},\"image\":{\"@id\":\"https:\\\/\\\/aeroganp.org\\\/#\\\/schema\\\/logo\\\/image\\\/\"},\"sameAs\":[\"https:\\\/\\\/www.facebook.com\\\/poctepaeroganp\\\/\",\"https:\\\/\\\/www.instagram.com\\\/poctepaeroganp\\\/\"]},{\"@type\":\"Person\",\"@id\":\"https:\\\/\\\/aeroganp.org\\\/#\\\/schema\\\/person\\\/4dbbb6f1ca9e56c7ed844349d270ab0c\",\"name\":\"Nuevo Admin\",\"image\":{\"@type\":\"ImageObject\",\"inLanguage\":\"pt-PT\",\"@id\":\"https:\\\/\\\/secure.gravatar.com\\\/avatar\\\/594fbda3ea444066b0d14c8efc0d15e519a0c7dbb4dda67914539e166fa123a2?s=96&d=mm&r=g\",\"url\":\"https:\\\/\\\/secure.gravatar.com\\\/avatar\\\/594fbda3ea444066b0d14c8efc0d15e519a0c7dbb4dda67914539e166fa123a2?s=96&d=mm&r=g\",\"contentUrl\":\"https:\\\/\\\/secure.gravatar.com\\\/avatar\\\/594fbda3ea444066b0d14c8efc0d15e519a0c7dbb4dda67914539e166fa123a2?s=96&d=mm&r=g\",\"caption\":\"Nuevo Admin\"},\"url\":\"https:\\\/\\\/aeroganp.org\\\/pt-pt\\\/author\\\/nuevoadmin\\\/\"}]}<\/script>\n<!-- \/ Yoast SEO plugin. -->","yoast_head_json":{"title":"Galiza aposta pela ind\u00fastria de defesa - AeroGanp","robots":{"index":"index","follow":"follow","max-snippet":"max-snippet:-1","max-image-preview":"max-image-preview:large","max-video-preview":"max-video-preview:-1"},"canonical":"https:\/\/aeroganp.org\/pt-pt\/galiza-aposta-pela-industria-de-defesa\/","og_locale":"pt_PT","og_type":"article","og_title":"Galiza aposta pela ind\u00fastria de defesa - AeroGanp","og_description":"O 6 de mar\u00e7o, a Sala Eisenman da Cidade da Cultura de Galicia acolheu a apresenta\u00e7\u00e3o oficial do Programa Executivo em Ind\u00fastria de Defesa na Galiza, uma iniciativa promovida pela Escola de Organiza\u00e7\u00e3o Industrial (EOI) e pela TEDAE no \u00e2mbito da Iniciativa Estrat\u00e9gica em Seguran\u00e7a, Defesa e Espa\u00e7o A\u00e9reo. O evento contou com a presen\u00e7a [&hellip;]","og_url":"https:\/\/aeroganp.org\/pt-pt\/galiza-aposta-pela-industria-de-defesa\/","og_site_name":"AeroGanp","article_publisher":"https:\/\/www.facebook.com\/poctepaeroganp\/","article_published_time":"2026-03-06T12:44:34+00:00","article_modified_time":"2026-03-13T12:50:48+00:00","og_image":[{"width":1600,"height":1200,"url":"https:\/\/aeroganp.org\/wp-content\/uploads\/2026\/03\/WhatsApp-Image-2026-03-06-at-13.08.13-1.webp","type":"image\/webp"}],"author":"Nuevo Admin","twitter_card":"summary_large_image","twitter_misc":{"Escrito por":"Nuevo Admin","Tempo estimado de leitura":"2 minutos"},"schema":{"@context":"https:\/\/schema.org","@graph":[{"@type":"Article","@id":"https:\/\/aeroganp.org\/pt-pt\/galiza-aposta-pela-industria-de-defesa\/#article","isPartOf":{"@id":"https:\/\/aeroganp.org\/pt-pt\/galiza-aposta-pela-industria-de-defesa\/"},"author":{"name":"Nuevo Admin","@id":"https:\/\/aeroganp.org\/#\/schema\/person\/4dbbb6f1ca9e56c7ed844349d270ab0c"},"headline":"Galiza aposta pela ind\u00fastria de defesa","datePublished":"2026-03-06T12:44:34+00:00","dateModified":"2026-03-13T12:50:48+00:00","mainEntityOfPage":{"@id":"https:\/\/aeroganp.org\/pt-pt\/galiza-aposta-pela-industria-de-defesa\/"},"wordCount":250,"publisher":{"@id":"https:\/\/aeroganp.org\/#organization"},"image":{"@id":"https:\/\/aeroganp.org\/pt-pt\/galiza-aposta-pela-industria-de-defesa\/#primaryimage"},"thumbnailUrl":"https:\/\/aeroganp.org\/wp-content\/uploads\/2026\/03\/WhatsApp-Image-2026-03-06-at-13.08.13-1.webp","articleSection":["Not\u00edcias"],"inLanguage":"pt-PT"},{"@type":"WebPage","@id":"https:\/\/aeroganp.org\/pt-pt\/galiza-aposta-pela-industria-de-defesa\/","url":"https:\/\/aeroganp.org\/pt-pt\/galiza-aposta-pela-industria-de-defesa\/","name":"Galiza aposta pela ind\u00fastria de defesa - AeroGanp","isPartOf":{"@id":"https:\/\/aeroganp.org\/#website"},"primaryImageOfPage":{"@id":"https:\/\/aeroganp.org\/pt-pt\/galiza-aposta-pela-industria-de-defesa\/#primaryimage"},"image":{"@id":"https:\/\/aeroganp.org\/pt-pt\/galiza-aposta-pela-industria-de-defesa\/#primaryimage"},"thumbnailUrl":"https:\/\/aeroganp.org\/wp-content\/uploads\/2026\/03\/WhatsApp-Image-2026-03-06-at-13.08.13-1.webp","datePublished":"2026-03-06T12:44:34+00:00","dateModified":"2026-03-13T12:50:48+00:00","breadcrumb":{"@id":"https:\/\/aeroganp.org\/pt-pt\/galiza-aposta-pela-industria-de-defesa\/#breadcrumb"},"inLanguage":"pt-PT","potentialAction":[{"@type":"ReadAction","target":["https:\/\/aeroganp.org\/pt-pt\/galiza-aposta-pela-industria-de-defesa\/"]}]},{"@type":"ImageObject","inLanguage":"pt-PT","@id":"https:\/\/aeroganp.org\/pt-pt\/galiza-aposta-pela-industria-de-defesa\/#primaryimage","url":"https:\/\/aeroganp.org\/wp-content\/uploads\/2026\/03\/WhatsApp-Image-2026-03-06-at-13.08.13-1.webp","contentUrl":"https:\/\/aeroganp.org\/wp-content\/uploads\/2026\/03\/WhatsApp-Image-2026-03-06-at-13.08.13-1.webp","width":1600,"height":1200},{"@type":"BreadcrumbList","@id":"https:\/\/aeroganp.org\/pt-pt\/galiza-aposta-pela-industria-de-defesa\/#breadcrumb","itemListElement":[{"@type":"ListItem","position":1,"name":"Portada","item":"https:\/\/aeroganp.org\/pt-pt\/home\/"},{"@type":"ListItem","position":2,"name":"Galiza aposta pela ind\u00fastria de defesa"}]},{"@type":"WebSite","@id":"https:\/\/aeroganp.org\/#website","url":"https:\/\/aeroganp.org\/","name":"AeroGanp","description":"POCTEP PROJECT 2023-2026","publisher":{"@id":"https:\/\/aeroganp.org\/#organization"},"potentialAction":[{"@type":"SearchAction","target":{"@type":"EntryPoint","urlTemplate":"https:\/\/aeroganp.org\/?s={search_term_string}"},"query-input":{"@type":"PropertyValueSpecification","valueRequired":true,"valueName":"search_term_string"}}],"inLanguage":"pt-PT"},{"@type":"Organization","@id":"https:\/\/aeroganp.org\/#organization","name":"AeroGanp","url":"https:\/\/aeroganp.org\/","logo":{"@type":"ImageObject","inLanguage":"pt-PT","@id":"https:\/\/aeroganp.org\/#\/schema\/logo\/image\/","url":"https:\/\/aeroganp.org\/wp-content\/uploads\/2023\/11\/logotipo-aeroganp.svg","contentUrl":"https:\/\/aeroganp.org\/wp-content\/uploads\/2023\/11\/logotipo-aeroganp.svg","width":841,"height":169,"caption":"AeroGanp"},"image":{"@id":"https:\/\/aeroganp.org\/#\/schema\/logo\/image\/"},"sameAs":["https:\/\/www.facebook.com\/poctepaeroganp\/","https:\/\/www.instagram.com\/poctepaeroganp\/"]},{"@type":"Person","@id":"https:\/\/aeroganp.org\/#\/schema\/person\/4dbbb6f1ca9e56c7ed844349d270ab0c","name":"Nuevo Admin","image":{"@type":"ImageObject","inLanguage":"pt-PT","@id":"https:\/\/secure.gravatar.com\/avatar\/594fbda3ea444066b0d14c8efc0d15e519a0c7dbb4dda67914539e166fa123a2?s=96&d=mm&r=g","url":"https:\/\/secure.gravatar.com\/avatar\/594fbda3ea444066b0d14c8efc0d15e519a0c7dbb4dda67914539e166fa123a2?s=96&d=mm&r=g","contentUrl":"https:\/\/secure.gravatar.com\/avatar\/594fbda3ea444066b0d14c8efc0d15e519a0c7dbb4dda67914539e166fa123a2?s=96&d=mm&r=g","caption":"Nuevo Admin"},"url":"https:\/\/aeroganp.org\/pt-pt\/author\/nuevoadmin\/"}]}},"_links":{"self":[{"href":"https:\/\/aeroganp.org\/pt-pt\/wp-json\/wp\/v2\/posts\/2401","targetHints":{"allow":["GET"]}}],"collection":[{"href":"https:\/\/aeroganp.org\/pt-pt\/wp-json\/wp\/v2\/posts"}],"about":[{"href":"https:\/\/aeroganp.org\/pt-pt\/wp-json\/wp\/v2\/types\/post"}],"author":[{"embeddable":true,"href":"https:\/\/aeroganp.org\/pt-pt\/wp-json\/wp\/v2\/users\/4"}],"replies":[{"embeddable":true,"href":"https:\/\/aeroganp.org\/pt-pt\/wp-json\/wp\/v2\/comments?post=2401"}],"version-history":[{"count":1,"href":"https:\/\/aeroganp.org\/pt-pt\/wp-json\/wp\/v2\/posts\/2401\/revisions"}],"predecessor-version":[{"id":2402,"href":"https:\/\/aeroganp.org\/pt-pt\/wp-json\/wp\/v2\/posts\/2401\/revisions\/2402"}],"wp:featuredmedia":[{"embeddable":true,"href":"https:\/\/aeroganp.org\/pt-pt\/wp-json\/wp\/v2\/media\/2399"}],"wp:attachment":[{"href":"https:\/\/aeroganp.org\/pt-pt\/wp-json\/wp\/v2\/media?parent=2401"}],"wp:term":[{"taxonomy":"category","embeddable":true,"href":"https:\/\/aeroganp.org\/pt-pt\/wp-json\/wp\/v2\/categories?post=2401"},{"taxonomy":"post_tag","embeddable":true,"href":"https:\/\/aeroganp.org\/pt-pt\/wp-json\/wp\/v2\/tags?post=2401"}],"curies":[{"name":"wp","href":"https:\/\/api.w.org\/{rel}","templated":true}]}}