{"id":2340,"date":"2026-01-18T16:52:34","date_gmt":"2026-01-18T16:52:34","guid":{"rendered":"https:\/\/aeroganp.org\/?p=2340"},"modified":"2026-01-20T10:12:24","modified_gmt":"2026-01-20T10:12:24","slug":"con-rumbo-al-espacio","status":"publish","type":"post","link":"https:\/\/aeroganp.org\/pt-pt\/con-rumbo-al-espacio\/","title":{"rendered":"Com rumo ao espa\u00e7o"},"content":{"rendered":"<p><strong>Slimop Space se prepara para lan\u00e7ar seus telesc\u00f3pios ultraleves ao espa\u00e7o em 2027.<\/strong><\/p>\n<p>A startup barcelonesa Slimop Space come\u00e7ou a contagem regressiva para o lan\u00e7amento de seus telesc\u00f3pios espaciais ultraleves ao espa\u00e7o no ano de 2027. A empresa emergente se prepara para a industrializa\u00e7\u00e3o e a produ\u00e7\u00e3o em s\u00e9rie de seus sistemas \u00f3pticos avan\u00e7ados. Tamb\u00e9m est\u00e1 imersa no fechamento de uma segunda rodada de financiamento, que se somar\u00e1 aos 700.000 euros em investimento captados no ano passado.<\/p>\n<p>A nova gera\u00e7\u00e3o de telesc\u00f3pios espaciais ultraleves da Slimop Space reduz a massa e o custo, encurta os prazos de fabrica\u00e7\u00e3o e simplifica a integra\u00e7\u00e3o em sat\u00e9lites pequenos. Suas aplica\u00e7\u00f5es priorit\u00e1rias s\u00e3o a observa\u00e7\u00e3o da Terra e as comunica\u00e7\u00f5es \u00f3pticas por laser no espa\u00e7o.<\/p>\n<p>O car\u00e1ter inovador da empresa lhe valeu o selo Prime Innovadora. Em 2025, a companhia tamb\u00e9m recebeu tr\u00eas pr\u00eamios destacados: o pr\u00eamio +50Emprende da Funda\u00e7\u00e3o Endesa e Funda\u00e7\u00e3o M\u00e1shumano, o Best Pitch Awards ESA no ESA BIC Barcelona e o pr\u00eamio Mar\u00eda Josefa Yzuel Gim\u00e9nez, outorgado \u00e0 colaboradora da Slimop Space Sara Gim\u00e9nez Arag\u00f3n.<\/p>\n<p>Fonte: <a href=\"https:\/\/hemeroteca-paginas.lavanguardia.com\/LVE00\/2026\/01\/18\/6EC-20260118-12.pdf\">La Vanguardia<\/a><\/p>\n","protected":false},"excerpt":{"rendered":"<p>Slimop Space se prepara para lan\u00e7ar seus telesc\u00f3pios ultraleves ao espa\u00e7o em 2027. A startup barcelonesa Slimop Space come\u00e7ou a contagem regressiva para o lan\u00e7amento de seus telesc\u00f3pios espaciais ultraleves ao espa\u00e7o no ano de 2027. A empresa emergente se prepara para a industrializa\u00e7\u00e3o e a produ\u00e7\u00e3o em s\u00e9rie de seus sistemas \u00f3pticos avan\u00e7ados. Tamb\u00e9m [&hellip;]<\/p>\n","protected":false},"author":4,"featured_media":2341,"comment_status":"closed","ping_status":"closed","sticky":false,"template":"","format":"standard","meta":{"_acf_changed":false,"footnotes":""},"categories":[18],"tags":[],"class_list":["post-2340","post","type-post","status-publish","format-standard","has-post-thumbnail","hentry","category-noticias-pt-pt"],"acf":[],"yoast_head":"<!-- This site is optimized with the Yoast SEO plugin v27.5 - https:\/\/yoast.com\/product\/yoast-seo-wordpress\/ -->\n<title>Com rumo ao espa\u00e7o - AeroGanp<\/title>\n<meta name=\"robots\" content=\"index, follow, max-snippet:-1, max-image-preview:large, max-video-preview:-1\" \/>\n<link rel=\"canonical\" href=\"https:\/\/aeroganp.org\/pt-pt\/con-rumbo-al-espacio\/\" \/>\n<meta property=\"og:locale\" content=\"pt_PT\" \/>\n<meta property=\"og:type\" content=\"article\" \/>\n<meta property=\"og:title\" content=\"Com rumo ao espa\u00e7o - AeroGanp\" \/>\n<meta property=\"og:description\" content=\"Slimop Space se prepara para lan\u00e7ar seus telesc\u00f3pios ultraleves ao espa\u00e7o em 2027. A startup barcelonesa Slimop Space come\u00e7ou a contagem regressiva para o lan\u00e7amento de seus telesc\u00f3pios espaciais ultraleves ao espa\u00e7o no ano de 2027. A empresa emergente se prepara para a industrializa\u00e7\u00e3o e a produ\u00e7\u00e3o em s\u00e9rie de seus sistemas \u00f3pticos avan\u00e7ados. Tamb\u00e9m [&hellip;]\" \/>\n<meta property=\"og:url\" content=\"https:\/\/aeroganp.org\/pt-pt\/con-rumbo-al-espacio\/\" \/>\n<meta property=\"og:site_name\" content=\"AeroGanp\" \/>\n<meta property=\"article:publisher\" content=\"https:\/\/www.facebook.com\/poctepaeroganp\/\" \/>\n<meta property=\"article:published_time\" content=\"2026-01-18T16:52:34+00:00\" \/>\n<meta property=\"article:modified_time\" content=\"2026-01-20T10:12:24+00:00\" \/>\n<meta property=\"og:image\" content=\"https:\/\/aeroganp.org\/wp-content\/uploads\/2026\/01\/2504-1.webp\" \/>\n\t<meta property=\"og:image:width\" content=\"2000\" \/>\n\t<meta property=\"og:image:height\" content=\"1105\" \/>\n\t<meta property=\"og:image:type\" content=\"image\/webp\" \/>\n<meta name=\"author\" content=\"Nuevo Admin\" \/>\n<meta name=\"twitter:card\" content=\"summary_large_image\" \/>\n<meta name=\"twitter:label1\" content=\"Escrito por\" \/>\n\t<meta name=\"twitter:data1\" content=\"Nuevo Admin\" \/>\n\t<meta name=\"twitter:label2\" content=\"Tempo estimado de leitura\" \/>\n\t<meta name=\"twitter:data2\" content=\"2 minutos\" \/>\n<script type=\"application\/ld+json\" class=\"yoast-schema-graph\">{\"@context\":\"https:\\\/\\\/schema.org\",\"@graph\":[{\"@type\":\"Article\",\"@id\":\"https:\\\/\\\/aeroganp.org\\\/pt-pt\\\/con-rumbo-al-espacio\\\/#article\",\"isPartOf\":{\"@id\":\"https:\\\/\\\/aeroganp.org\\\/pt-pt\\\/con-rumbo-al-espacio\\\/\"},\"author\":{\"name\":\"Nuevo Admin\",\"@id\":\"https:\\\/\\\/aeroganp.org\\\/#\\\/schema\\\/person\\\/4dbbb6f1ca9e56c7ed844349d270ab0c\"},\"headline\":\"Com rumo ao espa\u00e7o\",\"datePublished\":\"2026-01-18T16:52:34+00:00\",\"dateModified\":\"2026-01-20T10:12:24+00:00\",\"mainEntityOfPage\":{\"@id\":\"https:\\\/\\\/aeroganp.org\\\/pt-pt\\\/con-rumbo-al-espacio\\\/\"},\"wordCount\":214,\"publisher\":{\"@id\":\"https:\\\/\\\/aeroganp.org\\\/#organization\"},\"image\":{\"@id\":\"https:\\\/\\\/aeroganp.org\\\/pt-pt\\\/con-rumbo-al-espacio\\\/#primaryimage\"},\"thumbnailUrl\":\"https:\\\/\\\/aeroganp.org\\\/wp-content\\\/uploads\\\/2026\\\/01\\\/2504-1.webp\",\"articleSection\":[\"Not\u00edcias\"],\"inLanguage\":\"pt-PT\"},{\"@type\":\"WebPage\",\"@id\":\"https:\\\/\\\/aeroganp.org\\\/pt-pt\\\/con-rumbo-al-espacio\\\/\",\"url\":\"https:\\\/\\\/aeroganp.org\\\/pt-pt\\\/con-rumbo-al-espacio\\\/\",\"name\":\"Com rumo ao espa\u00e7o - AeroGanp\",\"isPartOf\":{\"@id\":\"https:\\\/\\\/aeroganp.org\\\/#website\"},\"primaryImageOfPage\":{\"@id\":\"https:\\\/\\\/aeroganp.org\\\/pt-pt\\\/con-rumbo-al-espacio\\\/#primaryimage\"},\"image\":{\"@id\":\"https:\\\/\\\/aeroganp.org\\\/pt-pt\\\/con-rumbo-al-espacio\\\/#primaryimage\"},\"thumbnailUrl\":\"https:\\\/\\\/aeroganp.org\\\/wp-content\\\/uploads\\\/2026\\\/01\\\/2504-1.webp\",\"datePublished\":\"2026-01-18T16:52:34+00:00\",\"dateModified\":\"2026-01-20T10:12:24+00:00\",\"breadcrumb\":{\"@id\":\"https:\\\/\\\/aeroganp.org\\\/pt-pt\\\/con-rumbo-al-espacio\\\/#breadcrumb\"},\"inLanguage\":\"pt-PT\",\"potentialAction\":[{\"@type\":\"ReadAction\",\"target\":[\"https:\\\/\\\/aeroganp.org\\\/pt-pt\\\/con-rumbo-al-espacio\\\/\"]}]},{\"@type\":\"ImageObject\",\"inLanguage\":\"pt-PT\",\"@id\":\"https:\\\/\\\/aeroganp.org\\\/pt-pt\\\/con-rumbo-al-espacio\\\/#primaryimage\",\"url\":\"https:\\\/\\\/aeroganp.org\\\/wp-content\\\/uploads\\\/2026\\\/01\\\/2504-1.webp\",\"contentUrl\":\"https:\\\/\\\/aeroganp.org\\\/wp-content\\\/uploads\\\/2026\\\/01\\\/2504-1.webp\",\"width\":2000,\"height\":1105},{\"@type\":\"BreadcrumbList\",\"@id\":\"https:\\\/\\\/aeroganp.org\\\/pt-pt\\\/con-rumbo-al-espacio\\\/#breadcrumb\",\"itemListElement\":[{\"@type\":\"ListItem\",\"position\":1,\"name\":\"Portada\",\"item\":\"https:\\\/\\\/aeroganp.org\\\/pt-pt\\\/home\\\/\"},{\"@type\":\"ListItem\",\"position\":2,\"name\":\"Com rumo ao espa\u00e7o\"}]},{\"@type\":\"WebSite\",\"@id\":\"https:\\\/\\\/aeroganp.org\\\/#website\",\"url\":\"https:\\\/\\\/aeroganp.org\\\/\",\"name\":\"AeroGanp\",\"description\":\"POCTEP PROJECT 2023-2026\",\"publisher\":{\"@id\":\"https:\\\/\\\/aeroganp.org\\\/#organization\"},\"potentialAction\":[{\"@type\":\"SearchAction\",\"target\":{\"@type\":\"EntryPoint\",\"urlTemplate\":\"https:\\\/\\\/aeroganp.org\\\/?s={search_term_string}\"},\"query-input\":{\"@type\":\"PropertyValueSpecification\",\"valueRequired\":true,\"valueName\":\"search_term_string\"}}],\"inLanguage\":\"pt-PT\"},{\"@type\":\"Organization\",\"@id\":\"https:\\\/\\\/aeroganp.org\\\/#organization\",\"name\":\"AeroGanp\",\"url\":\"https:\\\/\\\/aeroganp.org\\\/\",\"logo\":{\"@type\":\"ImageObject\",\"inLanguage\":\"pt-PT\",\"@id\":\"https:\\\/\\\/aeroganp.org\\\/#\\\/schema\\\/logo\\\/image\\\/\",\"url\":\"https:\\\/\\\/aeroganp.org\\\/wp-content\\\/uploads\\\/2023\\\/11\\\/logotipo-aeroganp.svg\",\"contentUrl\":\"https:\\\/\\\/aeroganp.org\\\/wp-content\\\/uploads\\\/2023\\\/11\\\/logotipo-aeroganp.svg\",\"width\":841,\"height\":169,\"caption\":\"AeroGanp\"},\"image\":{\"@id\":\"https:\\\/\\\/aeroganp.org\\\/#\\\/schema\\\/logo\\\/image\\\/\"},\"sameAs\":[\"https:\\\/\\\/www.facebook.com\\\/poctepaeroganp\\\/\",\"https:\\\/\\\/www.instagram.com\\\/poctepaeroganp\\\/\"]},{\"@type\":\"Person\",\"@id\":\"https:\\\/\\\/aeroganp.org\\\/#\\\/schema\\\/person\\\/4dbbb6f1ca9e56c7ed844349d270ab0c\",\"name\":\"Nuevo Admin\",\"image\":{\"@type\":\"ImageObject\",\"inLanguage\":\"pt-PT\",\"@id\":\"https:\\\/\\\/secure.gravatar.com\\\/avatar\\\/594fbda3ea444066b0d14c8efc0d15e519a0c7dbb4dda67914539e166fa123a2?s=96&d=mm&r=g\",\"url\":\"https:\\\/\\\/secure.gravatar.com\\\/avatar\\\/594fbda3ea444066b0d14c8efc0d15e519a0c7dbb4dda67914539e166fa123a2?s=96&d=mm&r=g\",\"contentUrl\":\"https:\\\/\\\/secure.gravatar.com\\\/avatar\\\/594fbda3ea444066b0d14c8efc0d15e519a0c7dbb4dda67914539e166fa123a2?s=96&d=mm&r=g\",\"caption\":\"Nuevo Admin\"},\"url\":\"https:\\\/\\\/aeroganp.org\\\/pt-pt\\\/author\\\/nuevoadmin\\\/\"}]}<\/script>\n<!-- \/ Yoast SEO plugin. -->","yoast_head_json":{"title":"Com rumo ao espa\u00e7o - AeroGanp","robots":{"index":"index","follow":"follow","max-snippet":"max-snippet:-1","max-image-preview":"max-image-preview:large","max-video-preview":"max-video-preview:-1"},"canonical":"https:\/\/aeroganp.org\/pt-pt\/con-rumbo-al-espacio\/","og_locale":"pt_PT","og_type":"article","og_title":"Com rumo ao espa\u00e7o - AeroGanp","og_description":"Slimop Space se prepara para lan\u00e7ar seus telesc\u00f3pios ultraleves ao espa\u00e7o em 2027. A startup barcelonesa Slimop Space come\u00e7ou a contagem regressiva para o lan\u00e7amento de seus telesc\u00f3pios espaciais ultraleves ao espa\u00e7o no ano de 2027. A empresa emergente se prepara para a industrializa\u00e7\u00e3o e a produ\u00e7\u00e3o em s\u00e9rie de seus sistemas \u00f3pticos avan\u00e7ados. Tamb\u00e9m [&hellip;]","og_url":"https:\/\/aeroganp.org\/pt-pt\/con-rumbo-al-espacio\/","og_site_name":"AeroGanp","article_publisher":"https:\/\/www.facebook.com\/poctepaeroganp\/","article_published_time":"2026-01-18T16:52:34+00:00","article_modified_time":"2026-01-20T10:12:24+00:00","og_image":[{"width":2000,"height":1105,"url":"https:\/\/aeroganp.org\/wp-content\/uploads\/2026\/01\/2504-1.webp","type":"image\/webp"}],"author":"Nuevo Admin","twitter_card":"summary_large_image","twitter_misc":{"Escrito por":"Nuevo Admin","Tempo estimado de leitura":"2 minutos"},"schema":{"@context":"https:\/\/schema.org","@graph":[{"@type":"Article","@id":"https:\/\/aeroganp.org\/pt-pt\/con-rumbo-al-espacio\/#article","isPartOf":{"@id":"https:\/\/aeroganp.org\/pt-pt\/con-rumbo-al-espacio\/"},"author":{"name":"Nuevo Admin","@id":"https:\/\/aeroganp.org\/#\/schema\/person\/4dbbb6f1ca9e56c7ed844349d270ab0c"},"headline":"Com rumo ao espa\u00e7o","datePublished":"2026-01-18T16:52:34+00:00","dateModified":"2026-01-20T10:12:24+00:00","mainEntityOfPage":{"@id":"https:\/\/aeroganp.org\/pt-pt\/con-rumbo-al-espacio\/"},"wordCount":214,"publisher":{"@id":"https:\/\/aeroganp.org\/#organization"},"image":{"@id":"https:\/\/aeroganp.org\/pt-pt\/con-rumbo-al-espacio\/#primaryimage"},"thumbnailUrl":"https:\/\/aeroganp.org\/wp-content\/uploads\/2026\/01\/2504-1.webp","articleSection":["Not\u00edcias"],"inLanguage":"pt-PT"},{"@type":"WebPage","@id":"https:\/\/aeroganp.org\/pt-pt\/con-rumbo-al-espacio\/","url":"https:\/\/aeroganp.org\/pt-pt\/con-rumbo-al-espacio\/","name":"Com rumo ao espa\u00e7o - AeroGanp","isPartOf":{"@id":"https:\/\/aeroganp.org\/#website"},"primaryImageOfPage":{"@id":"https:\/\/aeroganp.org\/pt-pt\/con-rumbo-al-espacio\/#primaryimage"},"image":{"@id":"https:\/\/aeroganp.org\/pt-pt\/con-rumbo-al-espacio\/#primaryimage"},"thumbnailUrl":"https:\/\/aeroganp.org\/wp-content\/uploads\/2026\/01\/2504-1.webp","datePublished":"2026-01-18T16:52:34+00:00","dateModified":"2026-01-20T10:12:24+00:00","breadcrumb":{"@id":"https:\/\/aeroganp.org\/pt-pt\/con-rumbo-al-espacio\/#breadcrumb"},"inLanguage":"pt-PT","potentialAction":[{"@type":"ReadAction","target":["https:\/\/aeroganp.org\/pt-pt\/con-rumbo-al-espacio\/"]}]},{"@type":"ImageObject","inLanguage":"pt-PT","@id":"https:\/\/aeroganp.org\/pt-pt\/con-rumbo-al-espacio\/#primaryimage","url":"https:\/\/aeroganp.org\/wp-content\/uploads\/2026\/01\/2504-1.webp","contentUrl":"https:\/\/aeroganp.org\/wp-content\/uploads\/2026\/01\/2504-1.webp","width":2000,"height":1105},{"@type":"BreadcrumbList","@id":"https:\/\/aeroganp.org\/pt-pt\/con-rumbo-al-espacio\/#breadcrumb","itemListElement":[{"@type":"ListItem","position":1,"name":"Portada","item":"https:\/\/aeroganp.org\/pt-pt\/home\/"},{"@type":"ListItem","position":2,"name":"Com rumo ao espa\u00e7o"}]},{"@type":"WebSite","@id":"https:\/\/aeroganp.org\/#website","url":"https:\/\/aeroganp.org\/","name":"AeroGanp","description":"POCTEP PROJECT 2023-2026","publisher":{"@id":"https:\/\/aeroganp.org\/#organization"},"potentialAction":[{"@type":"SearchAction","target":{"@type":"EntryPoint","urlTemplate":"https:\/\/aeroganp.org\/?s={search_term_string}"},"query-input":{"@type":"PropertyValueSpecification","valueRequired":true,"valueName":"search_term_string"}}],"inLanguage":"pt-PT"},{"@type":"Organization","@id":"https:\/\/aeroganp.org\/#organization","name":"AeroGanp","url":"https:\/\/aeroganp.org\/","logo":{"@type":"ImageObject","inLanguage":"pt-PT","@id":"https:\/\/aeroganp.org\/#\/schema\/logo\/image\/","url":"https:\/\/aeroganp.org\/wp-content\/uploads\/2023\/11\/logotipo-aeroganp.svg","contentUrl":"https:\/\/aeroganp.org\/wp-content\/uploads\/2023\/11\/logotipo-aeroganp.svg","width":841,"height":169,"caption":"AeroGanp"},"image":{"@id":"https:\/\/aeroganp.org\/#\/schema\/logo\/image\/"},"sameAs":["https:\/\/www.facebook.com\/poctepaeroganp\/","https:\/\/www.instagram.com\/poctepaeroganp\/"]},{"@type":"Person","@id":"https:\/\/aeroganp.org\/#\/schema\/person\/4dbbb6f1ca9e56c7ed844349d270ab0c","name":"Nuevo Admin","image":{"@type":"ImageObject","inLanguage":"pt-PT","@id":"https:\/\/secure.gravatar.com\/avatar\/594fbda3ea444066b0d14c8efc0d15e519a0c7dbb4dda67914539e166fa123a2?s=96&d=mm&r=g","url":"https:\/\/secure.gravatar.com\/avatar\/594fbda3ea444066b0d14c8efc0d15e519a0c7dbb4dda67914539e166fa123a2?s=96&d=mm&r=g","contentUrl":"https:\/\/secure.gravatar.com\/avatar\/594fbda3ea444066b0d14c8efc0d15e519a0c7dbb4dda67914539e166fa123a2?s=96&d=mm&r=g","caption":"Nuevo Admin"},"url":"https:\/\/aeroganp.org\/pt-pt\/author\/nuevoadmin\/"}]}},"_links":{"self":[{"href":"https:\/\/aeroganp.org\/pt-pt\/wp-json\/wp\/v2\/posts\/2340","targetHints":{"allow":["GET"]}}],"collection":[{"href":"https:\/\/aeroganp.org\/pt-pt\/wp-json\/wp\/v2\/posts"}],"about":[{"href":"https:\/\/aeroganp.org\/pt-pt\/wp-json\/wp\/v2\/types\/post"}],"author":[{"embeddable":true,"href":"https:\/\/aeroganp.org\/pt-pt\/wp-json\/wp\/v2\/users\/4"}],"replies":[{"embeddable":true,"href":"https:\/\/aeroganp.org\/pt-pt\/wp-json\/wp\/v2\/comments?post=2340"}],"version-history":[{"count":3,"href":"https:\/\/aeroganp.org\/pt-pt\/wp-json\/wp\/v2\/posts\/2340\/revisions"}],"predecessor-version":[{"id":2348,"href":"https:\/\/aeroganp.org\/pt-pt\/wp-json\/wp\/v2\/posts\/2340\/revisions\/2348"}],"wp:featuredmedia":[{"embeddable":true,"href":"https:\/\/aeroganp.org\/pt-pt\/wp-json\/wp\/v2\/media\/2341"}],"wp:attachment":[{"href":"https:\/\/aeroganp.org\/pt-pt\/wp-json\/wp\/v2\/media?parent=2340"}],"wp:term":[{"taxonomy":"category","embeddable":true,"href":"https:\/\/aeroganp.org\/pt-pt\/wp-json\/wp\/v2\/categories?post=2340"},{"taxonomy":"post_tag","embeddable":true,"href":"https:\/\/aeroganp.org\/pt-pt\/wp-json\/wp\/v2\/tags?post=2340"}],"curies":[{"name":"wp","href":"https:\/\/api.w.org\/{rel}","templated":true}]}}