{"id":2319,"date":"2026-01-12T09:04:07","date_gmt":"2026-01-12T09:04:07","guid":{"rendered":"https:\/\/aeroganp.org\/slimop-space-prepara-el-salto-al-espacio-en-2027\/"},"modified":"2026-01-20T09:33:05","modified_gmt":"2026-01-20T09:33:05","slug":"slimop-space-prepara-el-salto-al-espacio-en-2027","status":"publish","type":"post","link":"https:\/\/aeroganp.org\/pt-pt\/slimop-space-prepara-el-salto-al-espacio-en-2027\/","title":{"rendered":"SLIMOP Space prepara o salto para o espa\u00e7o em 2027"},"content":{"rendered":"<p>A SLIMOP Space fechou 2025 como um ano chave no seu desenvolvimento, marcado por avan\u00e7os tecnol\u00f3gicos, consolida\u00e7\u00e3o financeira e o refor\u00e7o do seu posicionamento estrat\u00e9gico de cara \u00e0 sua entrada no ambiente espacial em 2027. A companhia, com sede em Barcelona, celebra o seu terceiro anivers\u00e1rio acelerando o desenvolvimento da sua tecnologia \u00f3tica ultraleve e preparando uma nova rodada de financiamento seed que lhe permitir\u00e1 executar o seu roteiro para o per\u00edodo 2026-2028.<\/p>\n<div class=\"container\">\n<p>Durante o exerc\u00edcio, <strong>a SLIMOP Space registrou tr\u00eas patentes relacionadas com a sua tecnologia de espelhos \u00f3ticos ultraleves de alta precis\u00e3o<\/strong> e mant\u00e9m uma quarta em processo. Estes desenvolvimentos orientam-se \u00e0 fabrica\u00e7\u00e3o de telesc\u00f3pios espaciais compactos destinados tanto \u00e0 observa\u00e7\u00e3o da Terra como \u00e0s comunica\u00e7\u00f5es \u00f3ticas. A companhia conseguiu validar subsistemas destes espelhos em ambiente de laborat\u00f3rio ao n\u00edvel TRL5, um marco que refor\u00e7a a maturidade da solu\u00e7\u00e3o e estabelece as bases para futuras demonstra\u00e7\u00f5es e valida\u00e7\u00f5es em \u00f3rbita (IOD\/IOV) previstas para 2027.<\/p>\n<p>A arquitetura desenvolvida pela SLIMOP Space caracteriza-se por acelerar os processos de fabrica\u00e7\u00e3o, reduzir de forma significativa o peso e o custo dos sistemas \u00f3ticos e facilitar a sua integra\u00e7\u00e3o em sat\u00e9lites pequenos. Estas caracter\u00edsticas permitem propor uma produ\u00e7\u00e3o escal\u00e1vel orientada a constela\u00e7\u00f5es, com menores prazos de entrega e uma otimiza\u00e7\u00e3o do produto final. As aplica\u00e7\u00f5es priorit\u00e1rias identificadas pela companhia concentram-se nos \u00e2mbitos da observa\u00e7\u00e3o terrestre e das comunica\u00e7\u00f5es \u00f3ticas espaciais, onde a redu\u00e7\u00e3o de massa e volume resulta especialmente cr\u00edtica.<\/p>\n<p>O avan\u00e7o tecnol\u00f3gico alcan\u00e7ado foi poss\u00edvel gra\u00e7as, em parte, \u00e0 <strong>colabora\u00e7\u00e3o com centros tecnol\u00f3gicos e acad\u00e9micos de refer\u00eancia<\/strong>. Entre eles encontram-se o Centro de Desenvolvimento de Sensores, Instrumenta\u00e7\u00e3o e Sistemas (CD6) e o NanoSatLab da Universitat Polit\u00e8cnica de Catalunya (UPC), o Institut d&#8217;Estudis Espacials de Catalunya (IEEC) e o Instituto de F\u00edsica e Ci\u00eancias Aeroespaciais (IFCAE) da Universidade de Vigo. Estas alian\u00e7as permitiram \u00e0 empresa validar conceitos e acelerar o desenvolvimento da sua tecnologia propriet\u00e1ria.<\/p>\n<p>No \u00e2mbito financeiro, 2025 tamb\u00e9m representou um ponto de inflex\u00e3o para a SLIMOP Space. <strong>A companhia completou com sucesso a sua primeira rodada de financiamento pre-seed<\/strong>, alcan\u00e7ando os objetivos previstos e somando ao seu acionariado investidores especializados do setor aeroespacial, que contribuem al\u00e9m disso com experi\u00eancia ao conselho de administra\u00e7\u00e3o. A este financiamento privado somou-se o apoio institucional de diferentes organismos, entre eles a Ag\u00eancia Espacial Europeia (ESA) atrav\u00e9s do programa ESA BIC Barcelona, o Minist\u00e9rio da Ind\u00fastria e Turismo mediante ENISA, a Generalitat de Catalunya atrav\u00e9s de ACCI\u00d3 e o programa Startup Capital, e a Xunta de Galicia mediante GAIN, IGAPE e XesGalicia, assim como o programa BFAero \u2013 Business Factory Aero.<\/p>\n<p>No conjunto, <strong>mais de 700.000 euros em recursos de capital permitiram financiar a primeira fase de investiga\u00e7\u00e3o<\/strong> e desenvolvimento desde a cria\u00e7\u00e3o da companhia h\u00e1 tr\u00eas anos. Com esta base, a SLIMOP Space encontra-se agora imersa no fechamento de uma nova rodada seed destinada a consolidar o seu plano estrat\u00e9gico para o per\u00edodo 2026-2028 e a consolidar as especifica\u00e7\u00f5es t\u00e9cnicas necess\u00e1rias para o seu salto ao espa\u00e7o.<\/p>\n<p>Segundo indicou Eduardo Ferrer Puig, CEO e cofundador da SLIMOP Space, os marcos alcan\u00e7ados nestes tr\u00eas anos refor\u00e7am a convic\u00e7\u00e3o de estar a desenvolver uma solu\u00e7\u00e3o diferencial para telesc\u00f3pios ultraleves de nova gera\u00e7\u00e3o. <strong>O objetivo declarado da companhia \u00e9 levar esta tecnologia ao ambiente espacial em 2027<\/strong> e demonstrar o seu impacto em miss\u00f5es reais de observa\u00e7\u00e3o da Terra e comunica\u00e7\u00f5es \u00f3ticas.<\/p>\n<p>Olhando para o futuro, a empresa lan\u00e7ou o <strong>plano estrat\u00e9gico #NextHorizon Project 2026-2028<\/strong>, concebido como um roteiro para consolidar as suas capacidades tecnol\u00f3gicas, preparar a sua entrada experimental e operativa no espa\u00e7o e avan\u00e7ar para a industrializa\u00e7\u00e3o e produ\u00e7\u00e3o em s\u00e9rie dos seus sistemas \u00f3ticos avan\u00e7ados. O plano contempla um refor\u00e7o do investimento em I+D+i, tanto em infraestruturas cient\u00edficas como na incorpora\u00e7\u00e3o de talento especializado em engenharia \u00f3tica, f\u00edsica aplicada e disciplinas afins, com o objetivo de acelerar os ciclos de desenvolvimento e manter a competitividade tecnol\u00f3gica.<\/p>\n<p>Paralelamente, a SLIMOP Space reafirmou o seu compromisso com um modelo de crescimento respons\u00e1vel e alinhado com os padr\u00f5es promovidos pela ESA. A companhia subscreveu os protocolos &#8220;Statement for a Responsible Space Sector&#8221; e o &#8220;Zero Debris Charter&#8221;, com o objetivo de contribuir para a meta de res\u00edduos zero no espa\u00e7o para 2030. Este enfoque traduz-se na integra\u00e7\u00e3o de crit\u00e9rios de sustentabilidade em toda a sua cadeia de valor, desde a efici\u00eancia energ\u00e9tica e a governan\u00e7a respons\u00e1vel at\u00e9 \u00e0 redu\u00e7\u00e3o do impacto ambiental.<\/p>\n<div class=\"footer\">\n<p><strong>Fonte: <\/strong><a href=\"https:\/\/actualidadaeroespacial.com\/slimop-space-prepara-el-salto-al-espacio-en-2027\/\">Actualidad Aeroespacial<\/a><\/p>\n<\/div>\n<\/div>\n","protected":false},"excerpt":{"rendered":"<p>A SLIMOP Space fechou 2025 como um ano chave no seu desenvolvimento, marcado por avan\u00e7os tecnol\u00f3gicos, consolida\u00e7\u00e3o financeira e o refor\u00e7o do seu posicionamento estrat\u00e9gico de cara \u00e0 sua entrada no ambiente espacial em 2027. A companhia, com sede em Barcelona, celebra o seu terceiro anivers\u00e1rio acelerando o desenvolvimento da sua tecnologia \u00f3tica ultraleve e [&hellip;]<\/p>\n","protected":false},"author":4,"featured_media":2316,"comment_status":"closed","ping_status":"closed","sticky":false,"template":"","format":"standard","meta":{"_acf_changed":false,"footnotes":""},"categories":[18],"tags":[],"class_list":["post-2319","post","type-post","status-publish","format-standard","has-post-thumbnail","hentry","category-noticias-pt-pt"],"acf":[],"yoast_head":"<!-- This site is optimized with the Yoast SEO plugin v27.5 - https:\/\/yoast.com\/product\/yoast-seo-wordpress\/ -->\n<title>SLIMOP Space prepara o salto para o espa\u00e7o em 2027 - AeroGanp<\/title>\n<meta name=\"robots\" content=\"index, follow, max-snippet:-1, max-image-preview:large, max-video-preview:-1\" \/>\n<link rel=\"canonical\" href=\"https:\/\/aeroganp.org\/pt-pt\/slimop-space-prepara-el-salto-al-espacio-en-2027\/\" \/>\n<meta property=\"og:locale\" content=\"pt_PT\" \/>\n<meta property=\"og:type\" content=\"article\" \/>\n<meta property=\"og:title\" content=\"SLIMOP Space prepara o salto para o espa\u00e7o em 2027 - AeroGanp\" \/>\n<meta property=\"og:description\" content=\"A SLIMOP Space fechou 2025 como um ano chave no seu desenvolvimento, marcado por avan\u00e7os tecnol\u00f3gicos, consolida\u00e7\u00e3o financeira e o refor\u00e7o do seu posicionamento estrat\u00e9gico de cara \u00e0 sua entrada no ambiente espacial em 2027. A companhia, com sede em Barcelona, celebra o seu terceiro anivers\u00e1rio acelerando o desenvolvimento da sua tecnologia \u00f3tica ultraleve e [&hellip;]\" \/>\n<meta property=\"og:url\" content=\"https:\/\/aeroganp.org\/pt-pt\/slimop-space-prepara-el-salto-al-espacio-en-2027\/\" \/>\n<meta property=\"og:site_name\" content=\"AeroGanp\" \/>\n<meta property=\"article:publisher\" content=\"https:\/\/www.facebook.com\/poctepaeroganp\/\" \/>\n<meta property=\"article:published_time\" content=\"2026-01-12T09:04:07+00:00\" \/>\n<meta property=\"article:modified_time\" content=\"2026-01-20T09:33:05+00:00\" \/>\n<meta property=\"og:image\" content=\"https:\/\/aeroganp.org\/wp-content\/uploads\/2026\/01\/SLIMOP-Space-Lab-durante-uno-de-los-test-de-producto-120126-1140x570-1.webp\" \/>\n\t<meta property=\"og:image:width\" content=\"1140\" \/>\n\t<meta property=\"og:image:height\" content=\"570\" \/>\n\t<meta property=\"og:image:type\" content=\"image\/webp\" \/>\n<meta name=\"author\" content=\"Nuevo Admin\" \/>\n<meta name=\"twitter:card\" content=\"summary_large_image\" \/>\n<meta name=\"twitter:label1\" content=\"Escrito por\" \/>\n\t<meta name=\"twitter:data1\" content=\"Nuevo Admin\" \/>\n\t<meta name=\"twitter:label2\" content=\"Tempo estimado de leitura\" \/>\n\t<meta name=\"twitter:data2\" content=\"4 minutos\" \/>\n<script type=\"application\/ld+json\" class=\"yoast-schema-graph\">{\"@context\":\"https:\\\/\\\/schema.org\",\"@graph\":[{\"@type\":\"Article\",\"@id\":\"https:\\\/\\\/aeroganp.org\\\/pt-pt\\\/slimop-space-prepara-el-salto-al-espacio-en-2027\\\/#article\",\"isPartOf\":{\"@id\":\"https:\\\/\\\/aeroganp.org\\\/pt-pt\\\/slimop-space-prepara-el-salto-al-espacio-en-2027\\\/\"},\"author\":{\"name\":\"Nuevo Admin\",\"@id\":\"https:\\\/\\\/aeroganp.org\\\/#\\\/schema\\\/person\\\/4dbbb6f1ca9e56c7ed844349d270ab0c\"},\"headline\":\"SLIMOP Space prepara o salto para o espa\u00e7o em 2027\",\"datePublished\":\"2026-01-12T09:04:07+00:00\",\"dateModified\":\"2026-01-20T09:33:05+00:00\",\"mainEntityOfPage\":{\"@id\":\"https:\\\/\\\/aeroganp.org\\\/pt-pt\\\/slimop-space-prepara-el-salto-al-espacio-en-2027\\\/\"},\"wordCount\":831,\"publisher\":{\"@id\":\"https:\\\/\\\/aeroganp.org\\\/#organization\"},\"image\":{\"@id\":\"https:\\\/\\\/aeroganp.org\\\/pt-pt\\\/slimop-space-prepara-el-salto-al-espacio-en-2027\\\/#primaryimage\"},\"thumbnailUrl\":\"https:\\\/\\\/aeroganp.org\\\/wp-content\\\/uploads\\\/2026\\\/01\\\/SLIMOP-Space-Lab-durante-uno-de-los-test-de-producto-120126-1140x570-1.webp\",\"articleSection\":[\"Not\u00edcias\"],\"inLanguage\":\"pt-PT\"},{\"@type\":\"WebPage\",\"@id\":\"https:\\\/\\\/aeroganp.org\\\/pt-pt\\\/slimop-space-prepara-el-salto-al-espacio-en-2027\\\/\",\"url\":\"https:\\\/\\\/aeroganp.org\\\/pt-pt\\\/slimop-space-prepara-el-salto-al-espacio-en-2027\\\/\",\"name\":\"SLIMOP Space prepara o salto para o espa\u00e7o em 2027 - AeroGanp\",\"isPartOf\":{\"@id\":\"https:\\\/\\\/aeroganp.org\\\/#website\"},\"primaryImageOfPage\":{\"@id\":\"https:\\\/\\\/aeroganp.org\\\/pt-pt\\\/slimop-space-prepara-el-salto-al-espacio-en-2027\\\/#primaryimage\"},\"image\":{\"@id\":\"https:\\\/\\\/aeroganp.org\\\/pt-pt\\\/slimop-space-prepara-el-salto-al-espacio-en-2027\\\/#primaryimage\"},\"thumbnailUrl\":\"https:\\\/\\\/aeroganp.org\\\/wp-content\\\/uploads\\\/2026\\\/01\\\/SLIMOP-Space-Lab-durante-uno-de-los-test-de-producto-120126-1140x570-1.webp\",\"datePublished\":\"2026-01-12T09:04:07+00:00\",\"dateModified\":\"2026-01-20T09:33:05+00:00\",\"breadcrumb\":{\"@id\":\"https:\\\/\\\/aeroganp.org\\\/pt-pt\\\/slimop-space-prepara-el-salto-al-espacio-en-2027\\\/#breadcrumb\"},\"inLanguage\":\"pt-PT\",\"potentialAction\":[{\"@type\":\"ReadAction\",\"target\":[\"https:\\\/\\\/aeroganp.org\\\/pt-pt\\\/slimop-space-prepara-el-salto-al-espacio-en-2027\\\/\"]}]},{\"@type\":\"ImageObject\",\"inLanguage\":\"pt-PT\",\"@id\":\"https:\\\/\\\/aeroganp.org\\\/pt-pt\\\/slimop-space-prepara-el-salto-al-espacio-en-2027\\\/#primaryimage\",\"url\":\"https:\\\/\\\/aeroganp.org\\\/wp-content\\\/uploads\\\/2026\\\/01\\\/SLIMOP-Space-Lab-durante-uno-de-los-test-de-producto-120126-1140x570-1.webp\",\"contentUrl\":\"https:\\\/\\\/aeroganp.org\\\/wp-content\\\/uploads\\\/2026\\\/01\\\/SLIMOP-Space-Lab-durante-uno-de-los-test-de-producto-120126-1140x570-1.webp\",\"width\":1140,\"height\":570},{\"@type\":\"BreadcrumbList\",\"@id\":\"https:\\\/\\\/aeroganp.org\\\/pt-pt\\\/slimop-space-prepara-el-salto-al-espacio-en-2027\\\/#breadcrumb\",\"itemListElement\":[{\"@type\":\"ListItem\",\"position\":1,\"name\":\"Portada\",\"item\":\"https:\\\/\\\/aeroganp.org\\\/pt-pt\\\/home\\\/\"},{\"@type\":\"ListItem\",\"position\":2,\"name\":\"SLIMOP Space prepara o salto para o espa\u00e7o em 2027\"}]},{\"@type\":\"WebSite\",\"@id\":\"https:\\\/\\\/aeroganp.org\\\/#website\",\"url\":\"https:\\\/\\\/aeroganp.org\\\/\",\"name\":\"AeroGanp\",\"description\":\"POCTEP PROJECT 2023-2026\",\"publisher\":{\"@id\":\"https:\\\/\\\/aeroganp.org\\\/#organization\"},\"potentialAction\":[{\"@type\":\"SearchAction\",\"target\":{\"@type\":\"EntryPoint\",\"urlTemplate\":\"https:\\\/\\\/aeroganp.org\\\/?s={search_term_string}\"},\"query-input\":{\"@type\":\"PropertyValueSpecification\",\"valueRequired\":true,\"valueName\":\"search_term_string\"}}],\"inLanguage\":\"pt-PT\"},{\"@type\":\"Organization\",\"@id\":\"https:\\\/\\\/aeroganp.org\\\/#organization\",\"name\":\"AeroGanp\",\"url\":\"https:\\\/\\\/aeroganp.org\\\/\",\"logo\":{\"@type\":\"ImageObject\",\"inLanguage\":\"pt-PT\",\"@id\":\"https:\\\/\\\/aeroganp.org\\\/#\\\/schema\\\/logo\\\/image\\\/\",\"url\":\"https:\\\/\\\/aeroganp.org\\\/wp-content\\\/uploads\\\/2023\\\/11\\\/logotipo-aeroganp.svg\",\"contentUrl\":\"https:\\\/\\\/aeroganp.org\\\/wp-content\\\/uploads\\\/2023\\\/11\\\/logotipo-aeroganp.svg\",\"width\":841,\"height\":169,\"caption\":\"AeroGanp\"},\"image\":{\"@id\":\"https:\\\/\\\/aeroganp.org\\\/#\\\/schema\\\/logo\\\/image\\\/\"},\"sameAs\":[\"https:\\\/\\\/www.facebook.com\\\/poctepaeroganp\\\/\",\"https:\\\/\\\/www.instagram.com\\\/poctepaeroganp\\\/\"]},{\"@type\":\"Person\",\"@id\":\"https:\\\/\\\/aeroganp.org\\\/#\\\/schema\\\/person\\\/4dbbb6f1ca9e56c7ed844349d270ab0c\",\"name\":\"Nuevo Admin\",\"image\":{\"@type\":\"ImageObject\",\"inLanguage\":\"pt-PT\",\"@id\":\"https:\\\/\\\/secure.gravatar.com\\\/avatar\\\/594fbda3ea444066b0d14c8efc0d15e519a0c7dbb4dda67914539e166fa123a2?s=96&d=mm&r=g\",\"url\":\"https:\\\/\\\/secure.gravatar.com\\\/avatar\\\/594fbda3ea444066b0d14c8efc0d15e519a0c7dbb4dda67914539e166fa123a2?s=96&d=mm&r=g\",\"contentUrl\":\"https:\\\/\\\/secure.gravatar.com\\\/avatar\\\/594fbda3ea444066b0d14c8efc0d15e519a0c7dbb4dda67914539e166fa123a2?s=96&d=mm&r=g\",\"caption\":\"Nuevo Admin\"},\"url\":\"https:\\\/\\\/aeroganp.org\\\/pt-pt\\\/author\\\/nuevoadmin\\\/\"}]}<\/script>\n<!-- \/ Yoast SEO plugin. -->","yoast_head_json":{"title":"SLIMOP Space prepara o salto para o espa\u00e7o em 2027 - AeroGanp","robots":{"index":"index","follow":"follow","max-snippet":"max-snippet:-1","max-image-preview":"max-image-preview:large","max-video-preview":"max-video-preview:-1"},"canonical":"https:\/\/aeroganp.org\/pt-pt\/slimop-space-prepara-el-salto-al-espacio-en-2027\/","og_locale":"pt_PT","og_type":"article","og_title":"SLIMOP Space prepara o salto para o espa\u00e7o em 2027 - AeroGanp","og_description":"A SLIMOP Space fechou 2025 como um ano chave no seu desenvolvimento, marcado por avan\u00e7os tecnol\u00f3gicos, consolida\u00e7\u00e3o financeira e o refor\u00e7o do seu posicionamento estrat\u00e9gico de cara \u00e0 sua entrada no ambiente espacial em 2027. A companhia, com sede em Barcelona, celebra o seu terceiro anivers\u00e1rio acelerando o desenvolvimento da sua tecnologia \u00f3tica ultraleve e [&hellip;]","og_url":"https:\/\/aeroganp.org\/pt-pt\/slimop-space-prepara-el-salto-al-espacio-en-2027\/","og_site_name":"AeroGanp","article_publisher":"https:\/\/www.facebook.com\/poctepaeroganp\/","article_published_time":"2026-01-12T09:04:07+00:00","article_modified_time":"2026-01-20T09:33:05+00:00","og_image":[{"width":1140,"height":570,"url":"https:\/\/aeroganp.org\/wp-content\/uploads\/2026\/01\/SLIMOP-Space-Lab-durante-uno-de-los-test-de-producto-120126-1140x570-1.webp","type":"image\/webp"}],"author":"Nuevo Admin","twitter_card":"summary_large_image","twitter_misc":{"Escrito por":"Nuevo Admin","Tempo estimado de leitura":"4 minutos"},"schema":{"@context":"https:\/\/schema.org","@graph":[{"@type":"Article","@id":"https:\/\/aeroganp.org\/pt-pt\/slimop-space-prepara-el-salto-al-espacio-en-2027\/#article","isPartOf":{"@id":"https:\/\/aeroganp.org\/pt-pt\/slimop-space-prepara-el-salto-al-espacio-en-2027\/"},"author":{"name":"Nuevo Admin","@id":"https:\/\/aeroganp.org\/#\/schema\/person\/4dbbb6f1ca9e56c7ed844349d270ab0c"},"headline":"SLIMOP Space prepara o salto para o espa\u00e7o em 2027","datePublished":"2026-01-12T09:04:07+00:00","dateModified":"2026-01-20T09:33:05+00:00","mainEntityOfPage":{"@id":"https:\/\/aeroganp.org\/pt-pt\/slimop-space-prepara-el-salto-al-espacio-en-2027\/"},"wordCount":831,"publisher":{"@id":"https:\/\/aeroganp.org\/#organization"},"image":{"@id":"https:\/\/aeroganp.org\/pt-pt\/slimop-space-prepara-el-salto-al-espacio-en-2027\/#primaryimage"},"thumbnailUrl":"https:\/\/aeroganp.org\/wp-content\/uploads\/2026\/01\/SLIMOP-Space-Lab-durante-uno-de-los-test-de-producto-120126-1140x570-1.webp","articleSection":["Not\u00edcias"],"inLanguage":"pt-PT"},{"@type":"WebPage","@id":"https:\/\/aeroganp.org\/pt-pt\/slimop-space-prepara-el-salto-al-espacio-en-2027\/","url":"https:\/\/aeroganp.org\/pt-pt\/slimop-space-prepara-el-salto-al-espacio-en-2027\/","name":"SLIMOP Space prepara o salto para o espa\u00e7o em 2027 - AeroGanp","isPartOf":{"@id":"https:\/\/aeroganp.org\/#website"},"primaryImageOfPage":{"@id":"https:\/\/aeroganp.org\/pt-pt\/slimop-space-prepara-el-salto-al-espacio-en-2027\/#primaryimage"},"image":{"@id":"https:\/\/aeroganp.org\/pt-pt\/slimop-space-prepara-el-salto-al-espacio-en-2027\/#primaryimage"},"thumbnailUrl":"https:\/\/aeroganp.org\/wp-content\/uploads\/2026\/01\/SLIMOP-Space-Lab-durante-uno-de-los-test-de-producto-120126-1140x570-1.webp","datePublished":"2026-01-12T09:04:07+00:00","dateModified":"2026-01-20T09:33:05+00:00","breadcrumb":{"@id":"https:\/\/aeroganp.org\/pt-pt\/slimop-space-prepara-el-salto-al-espacio-en-2027\/#breadcrumb"},"inLanguage":"pt-PT","potentialAction":[{"@type":"ReadAction","target":["https:\/\/aeroganp.org\/pt-pt\/slimop-space-prepara-el-salto-al-espacio-en-2027\/"]}]},{"@type":"ImageObject","inLanguage":"pt-PT","@id":"https:\/\/aeroganp.org\/pt-pt\/slimop-space-prepara-el-salto-al-espacio-en-2027\/#primaryimage","url":"https:\/\/aeroganp.org\/wp-content\/uploads\/2026\/01\/SLIMOP-Space-Lab-durante-uno-de-los-test-de-producto-120126-1140x570-1.webp","contentUrl":"https:\/\/aeroganp.org\/wp-content\/uploads\/2026\/01\/SLIMOP-Space-Lab-durante-uno-de-los-test-de-producto-120126-1140x570-1.webp","width":1140,"height":570},{"@type":"BreadcrumbList","@id":"https:\/\/aeroganp.org\/pt-pt\/slimop-space-prepara-el-salto-al-espacio-en-2027\/#breadcrumb","itemListElement":[{"@type":"ListItem","position":1,"name":"Portada","item":"https:\/\/aeroganp.org\/pt-pt\/home\/"},{"@type":"ListItem","position":2,"name":"SLIMOP Space prepara o salto para o espa\u00e7o em 2027"}]},{"@type":"WebSite","@id":"https:\/\/aeroganp.org\/#website","url":"https:\/\/aeroganp.org\/","name":"AeroGanp","description":"POCTEP PROJECT 2023-2026","publisher":{"@id":"https:\/\/aeroganp.org\/#organization"},"potentialAction":[{"@type":"SearchAction","target":{"@type":"EntryPoint","urlTemplate":"https:\/\/aeroganp.org\/?s={search_term_string}"},"query-input":{"@type":"PropertyValueSpecification","valueRequired":true,"valueName":"search_term_string"}}],"inLanguage":"pt-PT"},{"@type":"Organization","@id":"https:\/\/aeroganp.org\/#organization","name":"AeroGanp","url":"https:\/\/aeroganp.org\/","logo":{"@type":"ImageObject","inLanguage":"pt-PT","@id":"https:\/\/aeroganp.org\/#\/schema\/logo\/image\/","url":"https:\/\/aeroganp.org\/wp-content\/uploads\/2023\/11\/logotipo-aeroganp.svg","contentUrl":"https:\/\/aeroganp.org\/wp-content\/uploads\/2023\/11\/logotipo-aeroganp.svg","width":841,"height":169,"caption":"AeroGanp"},"image":{"@id":"https:\/\/aeroganp.org\/#\/schema\/logo\/image\/"},"sameAs":["https:\/\/www.facebook.com\/poctepaeroganp\/","https:\/\/www.instagram.com\/poctepaeroganp\/"]},{"@type":"Person","@id":"https:\/\/aeroganp.org\/#\/schema\/person\/4dbbb6f1ca9e56c7ed844349d270ab0c","name":"Nuevo Admin","image":{"@type":"ImageObject","inLanguage":"pt-PT","@id":"https:\/\/secure.gravatar.com\/avatar\/594fbda3ea444066b0d14c8efc0d15e519a0c7dbb4dda67914539e166fa123a2?s=96&d=mm&r=g","url":"https:\/\/secure.gravatar.com\/avatar\/594fbda3ea444066b0d14c8efc0d15e519a0c7dbb4dda67914539e166fa123a2?s=96&d=mm&r=g","contentUrl":"https:\/\/secure.gravatar.com\/avatar\/594fbda3ea444066b0d14c8efc0d15e519a0c7dbb4dda67914539e166fa123a2?s=96&d=mm&r=g","caption":"Nuevo Admin"},"url":"https:\/\/aeroganp.org\/pt-pt\/author\/nuevoadmin\/"}]}},"_links":{"self":[{"href":"https:\/\/aeroganp.org\/pt-pt\/wp-json\/wp\/v2\/posts\/2319","targetHints":{"allow":["GET"]}}],"collection":[{"href":"https:\/\/aeroganp.org\/pt-pt\/wp-json\/wp\/v2\/posts"}],"about":[{"href":"https:\/\/aeroganp.org\/pt-pt\/wp-json\/wp\/v2\/types\/post"}],"author":[{"embeddable":true,"href":"https:\/\/aeroganp.org\/pt-pt\/wp-json\/wp\/v2\/users\/4"}],"replies":[{"embeddable":true,"href":"https:\/\/aeroganp.org\/pt-pt\/wp-json\/wp\/v2\/comments?post=2319"}],"version-history":[{"count":2,"href":"https:\/\/aeroganp.org\/pt-pt\/wp-json\/wp\/v2\/posts\/2319\/revisions"}],"predecessor-version":[{"id":2321,"href":"https:\/\/aeroganp.org\/pt-pt\/wp-json\/wp\/v2\/posts\/2319\/revisions\/2321"}],"wp:featuredmedia":[{"embeddable":true,"href":"https:\/\/aeroganp.org\/pt-pt\/wp-json\/wp\/v2\/media\/2316"}],"wp:attachment":[{"href":"https:\/\/aeroganp.org\/pt-pt\/wp-json\/wp\/v2\/media?parent=2319"}],"wp:term":[{"taxonomy":"category","embeddable":true,"href":"https:\/\/aeroganp.org\/pt-pt\/wp-json\/wp\/v2\/categories?post=2319"},{"taxonomy":"post_tag","embeddable":true,"href":"https:\/\/aeroganp.org\/pt-pt\/wp-json\/wp\/v2\/tags?post=2319"}],"curies":[{"name":"wp","href":"https:\/\/api.w.org\/{rel}","templated":true}]}}