{"id":2308,"date":"2026-01-09T09:05:18","date_gmt":"2026-01-09T09:05:18","guid":{"rendered":"https:\/\/aeroganp.org\/la-escuela-politecnica-superior-de-ingenieria-acogera-una-jornada-formativa-sobre-aeronautica-y-drones\/"},"modified":"2026-01-09T12:05:00","modified_gmt":"2026-01-09T12:05:00","slug":"la-escuela-politecnica-superior-de-ingenieria-acogera-una-jornada-formativa-sobre-aeronautica-y-drones","status":"publish","type":"post","link":"https:\/\/aeroganp.org\/pt-pt\/la-escuela-politecnica-superior-de-ingenieria-acogera-una-jornada-formativa-sobre-aeronautica-y-drones\/","title":{"rendered":"A Escola Polit\u00e9cnica Superior de Engenharia acolher\u00e1 uma jornada formativa sobre aeron\u00e1utica e drones"},"content":{"rendered":"<p>A <strong>Escola Polit\u00e9cnica Superior de Enxe\u00f1ar\u00eda<\/strong> do Campus de Lugo (Universidade de Santiago de Compostela) celebrar\u00e1 na pr\u00f3xima <strong>quinta-feira, 22 de janeiro<\/strong>, uma jornada de forma\u00e7\u00e3o especializada em aeron\u00e1utica, centrada nas \u00faltimas aplica\u00e7\u00f5es tecnol\u00f3gicas dos drones.<\/p>\n<p>O evento, que decorrer\u00e1 das <strong>10:00 \u00e0s 13:50 horas<\/strong>, oferecer\u00e1 forma\u00e7\u00e3o pr\u00e1tica em <strong>quatro \u00e1reas-chave do setor<\/strong>: pilotagem de drones para redes de comunica\u00e7\u00f5es mediante sistemas de apontamento, aplica\u00e7\u00f5es em monitoriza\u00e7\u00e3o a\u00e9rea, t\u00e9cnicas de aterragem em plataformas flutuantes e big data aeroespacial.<\/p>\n<p>A jornada destina-se a estudantes, profissionais e pessoas interessadas nas tecnologias emergentes do setor aeron\u00e1utico.<\/p>\n<p>Os interessados podem formalizar a sua inscri\u00e7\u00e3o atrav\u00e9s do <a href=\"https:\/\/docs.google.com\/forms\/d\/e\/1FAIpQLScAdoLwk2zCmqQ6BG_K9lEJpV7ZUQTDW7uSmtJkFvKfxWhWgA\/viewform\">formul\u00e1rio dispon\u00edvel.<\/a><\/p>\n<p style=\"text-align: center;\"><a href=\"https:\/\/aeroganp.org\/wp-content\/uploads\/2026\/01\/260122_Aeroganp_ProgramaEvento_PT.pdf\"><strong>Descarregue o programa completo aqui<\/strong><\/a><\/p>\n","protected":false},"excerpt":{"rendered":"<p>A Escola Polit\u00e9cnica Superior de Enxe\u00f1ar\u00eda do Campus de Lugo (Universidade de Santiago de Compostela) celebrar\u00e1 na pr\u00f3xima quinta-feira, 22 de janeiro, uma jornada de forma\u00e7\u00e3o especializada em aeron\u00e1utica, centrada nas \u00faltimas aplica\u00e7\u00f5es tecnol\u00f3gicas dos drones. O evento, que decorrer\u00e1 das 10:00 \u00e0s 13:50 horas, oferecer\u00e1 forma\u00e7\u00e3o pr\u00e1tica em quatro \u00e1reas-chave do setor: pilotagem de [&hellip;]<\/p>\n","protected":false},"author":4,"featured_media":2299,"comment_status":"closed","ping_status":"closed","sticky":false,"template":"","format":"standard","meta":{"_acf_changed":false,"footnotes":""},"categories":[10],"tags":[],"class_list":["post-2308","post","type-post","status-publish","format-standard","has-post-thumbnail","hentry","category-sem-categoria"],"acf":[],"yoast_head":"<!-- This site is optimized with the Yoast SEO plugin v27.5 - https:\/\/yoast.com\/product\/yoast-seo-wordpress\/ -->\n<title>A Escola Polit\u00e9cnica Superior de Engenharia acolher\u00e1 uma jornada formativa sobre aeron\u00e1utica e drones - AeroGanp<\/title>\n<meta name=\"robots\" content=\"index, follow, max-snippet:-1, max-image-preview:large, max-video-preview:-1\" \/>\n<link rel=\"canonical\" href=\"https:\/\/aeroganp.org\/pt-pt\/la-escuela-politecnica-superior-de-ingenieria-acogera-una-jornada-formativa-sobre-aeronautica-y-drones\/\" \/>\n<meta property=\"og:locale\" content=\"pt_PT\" \/>\n<meta property=\"og:type\" content=\"article\" \/>\n<meta property=\"og:title\" content=\"A Escola Polit\u00e9cnica Superior de Engenharia acolher\u00e1 uma jornada formativa sobre aeron\u00e1utica e drones - AeroGanp\" \/>\n<meta property=\"og:description\" content=\"A Escola Polit\u00e9cnica Superior de Enxe\u00f1ar\u00eda do Campus de Lugo (Universidade de Santiago de Compostela) celebrar\u00e1 na pr\u00f3xima quinta-feira, 22 de janeiro, uma jornada de forma\u00e7\u00e3o especializada em aeron\u00e1utica, centrada nas \u00faltimas aplica\u00e7\u00f5es tecnol\u00f3gicas dos drones. O evento, que decorrer\u00e1 das 10:00 \u00e0s 13:50 horas, oferecer\u00e1 forma\u00e7\u00e3o pr\u00e1tica em quatro \u00e1reas-chave do setor: pilotagem de [&hellip;]\" \/>\n<meta property=\"og:url\" content=\"https:\/\/aeroganp.org\/pt-pt\/la-escuela-politecnica-superior-de-ingenieria-acogera-una-jornada-formativa-sobre-aeronautica-y-drones\/\" \/>\n<meta property=\"og:site_name\" content=\"AeroGanp\" \/>\n<meta property=\"article:publisher\" content=\"https:\/\/www.facebook.com\/poctepaeroganp\/\" \/>\n<meta property=\"article:published_time\" content=\"2026-01-09T09:05:18+00:00\" \/>\n<meta property=\"article:modified_time\" content=\"2026-01-09T12:05:00+00:00\" \/>\n<meta property=\"og:image\" content=\"https:\/\/aeroganp.org\/wp-content\/uploads\/2026\/01\/9389-1.webp\" \/>\n\t<meta property=\"og:image:width\" content=\"2000\" \/>\n\t<meta property=\"og:image:height\" content=\"1335\" \/>\n\t<meta property=\"og:image:type\" content=\"image\/webp\" \/>\n<meta name=\"author\" content=\"Nuevo Admin\" \/>\n<meta name=\"twitter:card\" content=\"summary_large_image\" \/>\n<meta name=\"twitter:label1\" content=\"Escrito por\" \/>\n\t<meta name=\"twitter:data1\" content=\"Nuevo Admin\" \/>\n\t<meta name=\"twitter:label2\" content=\"Tempo estimado de leitura\" \/>\n\t<meta name=\"twitter:data2\" content=\"1 minuto\" \/>\n<script type=\"application\/ld+json\" class=\"yoast-schema-graph\">{\"@context\":\"https:\\\/\\\/schema.org\",\"@graph\":[{\"@type\":\"Article\",\"@id\":\"https:\\\/\\\/aeroganp.org\\\/pt-pt\\\/la-escuela-politecnica-superior-de-ingenieria-acogera-una-jornada-formativa-sobre-aeronautica-y-drones\\\/#article\",\"isPartOf\":{\"@id\":\"https:\\\/\\\/aeroganp.org\\\/pt-pt\\\/la-escuela-politecnica-superior-de-ingenieria-acogera-una-jornada-formativa-sobre-aeronautica-y-drones\\\/\"},\"author\":{\"name\":\"Nuevo Admin\",\"@id\":\"https:\\\/\\\/aeroganp.org\\\/#\\\/schema\\\/person\\\/4dbbb6f1ca9e56c7ed844349d270ab0c\"},\"headline\":\"A Escola Polit\u00e9cnica Superior de Engenharia acolher\u00e1 uma jornada formativa sobre aeron\u00e1utica e drones\",\"datePublished\":\"2026-01-09T09:05:18+00:00\",\"dateModified\":\"2026-01-09T12:05:00+00:00\",\"mainEntityOfPage\":{\"@id\":\"https:\\\/\\\/aeroganp.org\\\/pt-pt\\\/la-escuela-politecnica-superior-de-ingenieria-acogera-una-jornada-formativa-sobre-aeronautica-y-drones\\\/\"},\"wordCount\":142,\"publisher\":{\"@id\":\"https:\\\/\\\/aeroganp.org\\\/#organization\"},\"image\":{\"@id\":\"https:\\\/\\\/aeroganp.org\\\/pt-pt\\\/la-escuela-politecnica-superior-de-ingenieria-acogera-una-jornada-formativa-sobre-aeronautica-y-drones\\\/#primaryimage\"},\"thumbnailUrl\":\"https:\\\/\\\/aeroganp.org\\\/wp-content\\\/uploads\\\/2026\\\/01\\\/9389-1.webp\",\"inLanguage\":\"pt-PT\"},{\"@type\":\"WebPage\",\"@id\":\"https:\\\/\\\/aeroganp.org\\\/pt-pt\\\/la-escuela-politecnica-superior-de-ingenieria-acogera-una-jornada-formativa-sobre-aeronautica-y-drones\\\/\",\"url\":\"https:\\\/\\\/aeroganp.org\\\/pt-pt\\\/la-escuela-politecnica-superior-de-ingenieria-acogera-una-jornada-formativa-sobre-aeronautica-y-drones\\\/\",\"name\":\"A Escola Polit\u00e9cnica Superior de Engenharia acolher\u00e1 uma jornada formativa sobre aeron\u00e1utica e drones - AeroGanp\",\"isPartOf\":{\"@id\":\"https:\\\/\\\/aeroganp.org\\\/#website\"},\"primaryImageOfPage\":{\"@id\":\"https:\\\/\\\/aeroganp.org\\\/pt-pt\\\/la-escuela-politecnica-superior-de-ingenieria-acogera-una-jornada-formativa-sobre-aeronautica-y-drones\\\/#primaryimage\"},\"image\":{\"@id\":\"https:\\\/\\\/aeroganp.org\\\/pt-pt\\\/la-escuela-politecnica-superior-de-ingenieria-acogera-una-jornada-formativa-sobre-aeronautica-y-drones\\\/#primaryimage\"},\"thumbnailUrl\":\"https:\\\/\\\/aeroganp.org\\\/wp-content\\\/uploads\\\/2026\\\/01\\\/9389-1.webp\",\"datePublished\":\"2026-01-09T09:05:18+00:00\",\"dateModified\":\"2026-01-09T12:05:00+00:00\",\"breadcrumb\":{\"@id\":\"https:\\\/\\\/aeroganp.org\\\/pt-pt\\\/la-escuela-politecnica-superior-de-ingenieria-acogera-una-jornada-formativa-sobre-aeronautica-y-drones\\\/#breadcrumb\"},\"inLanguage\":\"pt-PT\",\"potentialAction\":[{\"@type\":\"ReadAction\",\"target\":[\"https:\\\/\\\/aeroganp.org\\\/pt-pt\\\/la-escuela-politecnica-superior-de-ingenieria-acogera-una-jornada-formativa-sobre-aeronautica-y-drones\\\/\"]}]},{\"@type\":\"ImageObject\",\"inLanguage\":\"pt-PT\",\"@id\":\"https:\\\/\\\/aeroganp.org\\\/pt-pt\\\/la-escuela-politecnica-superior-de-ingenieria-acogera-una-jornada-formativa-sobre-aeronautica-y-drones\\\/#primaryimage\",\"url\":\"https:\\\/\\\/aeroganp.org\\\/wp-content\\\/uploads\\\/2026\\\/01\\\/9389-1.webp\",\"contentUrl\":\"https:\\\/\\\/aeroganp.org\\\/wp-content\\\/uploads\\\/2026\\\/01\\\/9389-1.webp\",\"width\":2000,\"height\":1335},{\"@type\":\"BreadcrumbList\",\"@id\":\"https:\\\/\\\/aeroganp.org\\\/pt-pt\\\/la-escuela-politecnica-superior-de-ingenieria-acogera-una-jornada-formativa-sobre-aeronautica-y-drones\\\/#breadcrumb\",\"itemListElement\":[{\"@type\":\"ListItem\",\"position\":1,\"name\":\"Portada\",\"item\":\"https:\\\/\\\/aeroganp.org\\\/pt-pt\\\/home\\\/\"},{\"@type\":\"ListItem\",\"position\":2,\"name\":\"A Escola Polit\u00e9cnica Superior de Engenharia acolher\u00e1 uma jornada formativa sobre aeron\u00e1utica e drones\"}]},{\"@type\":\"WebSite\",\"@id\":\"https:\\\/\\\/aeroganp.org\\\/#website\",\"url\":\"https:\\\/\\\/aeroganp.org\\\/\",\"name\":\"AeroGanp\",\"description\":\"POCTEP PROJECT 2023-2026\",\"publisher\":{\"@id\":\"https:\\\/\\\/aeroganp.org\\\/#organization\"},\"potentialAction\":[{\"@type\":\"SearchAction\",\"target\":{\"@type\":\"EntryPoint\",\"urlTemplate\":\"https:\\\/\\\/aeroganp.org\\\/?s={search_term_string}\"},\"query-input\":{\"@type\":\"PropertyValueSpecification\",\"valueRequired\":true,\"valueName\":\"search_term_string\"}}],\"inLanguage\":\"pt-PT\"},{\"@type\":\"Organization\",\"@id\":\"https:\\\/\\\/aeroganp.org\\\/#organization\",\"name\":\"AeroGanp\",\"url\":\"https:\\\/\\\/aeroganp.org\\\/\",\"logo\":{\"@type\":\"ImageObject\",\"inLanguage\":\"pt-PT\",\"@id\":\"https:\\\/\\\/aeroganp.org\\\/#\\\/schema\\\/logo\\\/image\\\/\",\"url\":\"https:\\\/\\\/aeroganp.org\\\/wp-content\\\/uploads\\\/2023\\\/11\\\/logotipo-aeroganp.svg\",\"contentUrl\":\"https:\\\/\\\/aeroganp.org\\\/wp-content\\\/uploads\\\/2023\\\/11\\\/logotipo-aeroganp.svg\",\"width\":841,\"height\":169,\"caption\":\"AeroGanp\"},\"image\":{\"@id\":\"https:\\\/\\\/aeroganp.org\\\/#\\\/schema\\\/logo\\\/image\\\/\"},\"sameAs\":[\"https:\\\/\\\/www.facebook.com\\\/poctepaeroganp\\\/\",\"https:\\\/\\\/www.instagram.com\\\/poctepaeroganp\\\/\"]},{\"@type\":\"Person\",\"@id\":\"https:\\\/\\\/aeroganp.org\\\/#\\\/schema\\\/person\\\/4dbbb6f1ca9e56c7ed844349d270ab0c\",\"name\":\"Nuevo Admin\",\"image\":{\"@type\":\"ImageObject\",\"inLanguage\":\"pt-PT\",\"@id\":\"https:\\\/\\\/secure.gravatar.com\\\/avatar\\\/594fbda3ea444066b0d14c8efc0d15e519a0c7dbb4dda67914539e166fa123a2?s=96&d=mm&r=g\",\"url\":\"https:\\\/\\\/secure.gravatar.com\\\/avatar\\\/594fbda3ea444066b0d14c8efc0d15e519a0c7dbb4dda67914539e166fa123a2?s=96&d=mm&r=g\",\"contentUrl\":\"https:\\\/\\\/secure.gravatar.com\\\/avatar\\\/594fbda3ea444066b0d14c8efc0d15e519a0c7dbb4dda67914539e166fa123a2?s=96&d=mm&r=g\",\"caption\":\"Nuevo Admin\"},\"url\":\"https:\\\/\\\/aeroganp.org\\\/pt-pt\\\/author\\\/nuevoadmin\\\/\"}]}<\/script>\n<!-- \/ Yoast SEO plugin. -->","yoast_head_json":{"title":"A Escola Polit\u00e9cnica Superior de Engenharia acolher\u00e1 uma jornada formativa sobre aeron\u00e1utica e drones - AeroGanp","robots":{"index":"index","follow":"follow","max-snippet":"max-snippet:-1","max-image-preview":"max-image-preview:large","max-video-preview":"max-video-preview:-1"},"canonical":"https:\/\/aeroganp.org\/pt-pt\/la-escuela-politecnica-superior-de-ingenieria-acogera-una-jornada-formativa-sobre-aeronautica-y-drones\/","og_locale":"pt_PT","og_type":"article","og_title":"A Escola Polit\u00e9cnica Superior de Engenharia acolher\u00e1 uma jornada formativa sobre aeron\u00e1utica e drones - AeroGanp","og_description":"A Escola Polit\u00e9cnica Superior de Enxe\u00f1ar\u00eda do Campus de Lugo (Universidade de Santiago de Compostela) celebrar\u00e1 na pr\u00f3xima quinta-feira, 22 de janeiro, uma jornada de forma\u00e7\u00e3o especializada em aeron\u00e1utica, centrada nas \u00faltimas aplica\u00e7\u00f5es tecnol\u00f3gicas dos drones. O evento, que decorrer\u00e1 das 10:00 \u00e0s 13:50 horas, oferecer\u00e1 forma\u00e7\u00e3o pr\u00e1tica em quatro \u00e1reas-chave do setor: pilotagem de [&hellip;]","og_url":"https:\/\/aeroganp.org\/pt-pt\/la-escuela-politecnica-superior-de-ingenieria-acogera-una-jornada-formativa-sobre-aeronautica-y-drones\/","og_site_name":"AeroGanp","article_publisher":"https:\/\/www.facebook.com\/poctepaeroganp\/","article_published_time":"2026-01-09T09:05:18+00:00","article_modified_time":"2026-01-09T12:05:00+00:00","og_image":[{"width":2000,"height":1335,"url":"https:\/\/aeroganp.org\/wp-content\/uploads\/2026\/01\/9389-1.webp","type":"image\/webp"}],"author":"Nuevo Admin","twitter_card":"summary_large_image","twitter_misc":{"Escrito por":"Nuevo Admin","Tempo estimado de leitura":"1 minuto"},"schema":{"@context":"https:\/\/schema.org","@graph":[{"@type":"Article","@id":"https:\/\/aeroganp.org\/pt-pt\/la-escuela-politecnica-superior-de-ingenieria-acogera-una-jornada-formativa-sobre-aeronautica-y-drones\/#article","isPartOf":{"@id":"https:\/\/aeroganp.org\/pt-pt\/la-escuela-politecnica-superior-de-ingenieria-acogera-una-jornada-formativa-sobre-aeronautica-y-drones\/"},"author":{"name":"Nuevo Admin","@id":"https:\/\/aeroganp.org\/#\/schema\/person\/4dbbb6f1ca9e56c7ed844349d270ab0c"},"headline":"A Escola Polit\u00e9cnica Superior de Engenharia acolher\u00e1 uma jornada formativa sobre aeron\u00e1utica e drones","datePublished":"2026-01-09T09:05:18+00:00","dateModified":"2026-01-09T12:05:00+00:00","mainEntityOfPage":{"@id":"https:\/\/aeroganp.org\/pt-pt\/la-escuela-politecnica-superior-de-ingenieria-acogera-una-jornada-formativa-sobre-aeronautica-y-drones\/"},"wordCount":142,"publisher":{"@id":"https:\/\/aeroganp.org\/#organization"},"image":{"@id":"https:\/\/aeroganp.org\/pt-pt\/la-escuela-politecnica-superior-de-ingenieria-acogera-una-jornada-formativa-sobre-aeronautica-y-drones\/#primaryimage"},"thumbnailUrl":"https:\/\/aeroganp.org\/wp-content\/uploads\/2026\/01\/9389-1.webp","inLanguage":"pt-PT"},{"@type":"WebPage","@id":"https:\/\/aeroganp.org\/pt-pt\/la-escuela-politecnica-superior-de-ingenieria-acogera-una-jornada-formativa-sobre-aeronautica-y-drones\/","url":"https:\/\/aeroganp.org\/pt-pt\/la-escuela-politecnica-superior-de-ingenieria-acogera-una-jornada-formativa-sobre-aeronautica-y-drones\/","name":"A Escola Polit\u00e9cnica Superior de Engenharia acolher\u00e1 uma jornada formativa sobre aeron\u00e1utica e drones - AeroGanp","isPartOf":{"@id":"https:\/\/aeroganp.org\/#website"},"primaryImageOfPage":{"@id":"https:\/\/aeroganp.org\/pt-pt\/la-escuela-politecnica-superior-de-ingenieria-acogera-una-jornada-formativa-sobre-aeronautica-y-drones\/#primaryimage"},"image":{"@id":"https:\/\/aeroganp.org\/pt-pt\/la-escuela-politecnica-superior-de-ingenieria-acogera-una-jornada-formativa-sobre-aeronautica-y-drones\/#primaryimage"},"thumbnailUrl":"https:\/\/aeroganp.org\/wp-content\/uploads\/2026\/01\/9389-1.webp","datePublished":"2026-01-09T09:05:18+00:00","dateModified":"2026-01-09T12:05:00+00:00","breadcrumb":{"@id":"https:\/\/aeroganp.org\/pt-pt\/la-escuela-politecnica-superior-de-ingenieria-acogera-una-jornada-formativa-sobre-aeronautica-y-drones\/#breadcrumb"},"inLanguage":"pt-PT","potentialAction":[{"@type":"ReadAction","target":["https:\/\/aeroganp.org\/pt-pt\/la-escuela-politecnica-superior-de-ingenieria-acogera-una-jornada-formativa-sobre-aeronautica-y-drones\/"]}]},{"@type":"ImageObject","inLanguage":"pt-PT","@id":"https:\/\/aeroganp.org\/pt-pt\/la-escuela-politecnica-superior-de-ingenieria-acogera-una-jornada-formativa-sobre-aeronautica-y-drones\/#primaryimage","url":"https:\/\/aeroganp.org\/wp-content\/uploads\/2026\/01\/9389-1.webp","contentUrl":"https:\/\/aeroganp.org\/wp-content\/uploads\/2026\/01\/9389-1.webp","width":2000,"height":1335},{"@type":"BreadcrumbList","@id":"https:\/\/aeroganp.org\/pt-pt\/la-escuela-politecnica-superior-de-ingenieria-acogera-una-jornada-formativa-sobre-aeronautica-y-drones\/#breadcrumb","itemListElement":[{"@type":"ListItem","position":1,"name":"Portada","item":"https:\/\/aeroganp.org\/pt-pt\/home\/"},{"@type":"ListItem","position":2,"name":"A Escola Polit\u00e9cnica Superior de Engenharia acolher\u00e1 uma jornada formativa sobre aeron\u00e1utica e drones"}]},{"@type":"WebSite","@id":"https:\/\/aeroganp.org\/#website","url":"https:\/\/aeroganp.org\/","name":"AeroGanp","description":"POCTEP PROJECT 2023-2026","publisher":{"@id":"https:\/\/aeroganp.org\/#organization"},"potentialAction":[{"@type":"SearchAction","target":{"@type":"EntryPoint","urlTemplate":"https:\/\/aeroganp.org\/?s={search_term_string}"},"query-input":{"@type":"PropertyValueSpecification","valueRequired":true,"valueName":"search_term_string"}}],"inLanguage":"pt-PT"},{"@type":"Organization","@id":"https:\/\/aeroganp.org\/#organization","name":"AeroGanp","url":"https:\/\/aeroganp.org\/","logo":{"@type":"ImageObject","inLanguage":"pt-PT","@id":"https:\/\/aeroganp.org\/#\/schema\/logo\/image\/","url":"https:\/\/aeroganp.org\/wp-content\/uploads\/2023\/11\/logotipo-aeroganp.svg","contentUrl":"https:\/\/aeroganp.org\/wp-content\/uploads\/2023\/11\/logotipo-aeroganp.svg","width":841,"height":169,"caption":"AeroGanp"},"image":{"@id":"https:\/\/aeroganp.org\/#\/schema\/logo\/image\/"},"sameAs":["https:\/\/www.facebook.com\/poctepaeroganp\/","https:\/\/www.instagram.com\/poctepaeroganp\/"]},{"@type":"Person","@id":"https:\/\/aeroganp.org\/#\/schema\/person\/4dbbb6f1ca9e56c7ed844349d270ab0c","name":"Nuevo Admin","image":{"@type":"ImageObject","inLanguage":"pt-PT","@id":"https:\/\/secure.gravatar.com\/avatar\/594fbda3ea444066b0d14c8efc0d15e519a0c7dbb4dda67914539e166fa123a2?s=96&d=mm&r=g","url":"https:\/\/secure.gravatar.com\/avatar\/594fbda3ea444066b0d14c8efc0d15e519a0c7dbb4dda67914539e166fa123a2?s=96&d=mm&r=g","contentUrl":"https:\/\/secure.gravatar.com\/avatar\/594fbda3ea444066b0d14c8efc0d15e519a0c7dbb4dda67914539e166fa123a2?s=96&d=mm&r=g","caption":"Nuevo Admin"},"url":"https:\/\/aeroganp.org\/pt-pt\/author\/nuevoadmin\/"}]}},"_links":{"self":[{"href":"https:\/\/aeroganp.org\/pt-pt\/wp-json\/wp\/v2\/posts\/2308","targetHints":{"allow":["GET"]}}],"collection":[{"href":"https:\/\/aeroganp.org\/pt-pt\/wp-json\/wp\/v2\/posts"}],"about":[{"href":"https:\/\/aeroganp.org\/pt-pt\/wp-json\/wp\/v2\/types\/post"}],"author":[{"embeddable":true,"href":"https:\/\/aeroganp.org\/pt-pt\/wp-json\/wp\/v2\/users\/4"}],"replies":[{"embeddable":true,"href":"https:\/\/aeroganp.org\/pt-pt\/wp-json\/wp\/v2\/comments?post=2308"}],"version-history":[{"count":2,"href":"https:\/\/aeroganp.org\/pt-pt\/wp-json\/wp\/v2\/posts\/2308\/revisions"}],"predecessor-version":[{"id":2312,"href":"https:\/\/aeroganp.org\/pt-pt\/wp-json\/wp\/v2\/posts\/2308\/revisions\/2312"}],"wp:featuredmedia":[{"embeddable":true,"href":"https:\/\/aeroganp.org\/pt-pt\/wp-json\/wp\/v2\/media\/2299"}],"wp:attachment":[{"href":"https:\/\/aeroganp.org\/pt-pt\/wp-json\/wp\/v2\/media?parent=2308"}],"wp:term":[{"taxonomy":"category","embeddable":true,"href":"https:\/\/aeroganp.org\/pt-pt\/wp-json\/wp\/v2\/categories?post=2308"},{"taxonomy":"post_tag","embeddable":true,"href":"https:\/\/aeroganp.org\/pt-pt\/wp-json\/wp\/v2\/tags?post=2308"}],"curies":[{"name":"wp","href":"https:\/\/api.w.org\/{rel}","templated":true}]}}