{"id":2286,"date":"2025-12-02T11:18:29","date_gmt":"2025-12-02T11:18:29","guid":{"rendered":"https:\/\/aeroganp.org\/la-eurorregion-galicia-norte-de-portugal-impulsa-el-sector-aeroespacial-con-aeroganp\/"},"modified":"2025-12-02T16:47:08","modified_gmt":"2025-12-02T16:47:08","slug":"la-eurorregion-galicia-norte-de-portugal-impulsa-el-sector-aeroespacial-con-aeroganp","status":"publish","type":"post","link":"https:\/\/aeroganp.org\/pt-pt\/la-eurorregion-galicia-norte-de-portugal-impulsa-el-sector-aeroespacial-con-aeroganp\/","title":{"rendered":"La Eurorregi\u00e3o Galiza-Norte de Portugal impulsiona o setor aeroespacial com a AEROGANP"},"content":{"rendered":"<p>O <strong>projeto POCTEP AEROGANP<\/strong> procura impulsionar a investiga\u00e7\u00e3o no setor aeroespacial na Eurorregi\u00e3o Galiza-Norte de Portugal mediante a cria\u00e7\u00e3o de uma rede de coopera\u00e7\u00e3o transfronteiri\u00e7a que fomente as capacidades de I+D+i entre agentes p\u00fablicos e privados.<\/p>\n<p>O evento ter\u00e1 lugar no <strong>11 de dezembro de 2025<\/strong> no <strong>Parque Tecnol\u00f3xico de Galicia (Tecn\u00f3pole)<\/strong>, em San Cibrao das Vi\u00f1as (Ourense), com entrada gratuita mediante inscri\u00e7\u00e3o pr\u00e9via.<\/p>\n<p><strong>Programa da jornada:<\/strong><\/p>\n<p>A sess\u00e3o iniciar\u00e1 com a apresenta\u00e7\u00e3o do mapa de capacidades e do desenvolvimento dos pilotos do projeto elaborado pelo <strong>Cons\u00f3rcio Aeron\u00e1utico Galego (CAG)<\/strong>.<\/p>\n<p>A segunda parte do evento estar\u00e1 dedicada a um encontro de intermedia\u00e7\u00e3o intitulado <strong>\u201cTecnologias emergentes no setor aeroespacial\u201d<\/strong>, que come\u00e7ar\u00e1 \u00e0s 12:00 com uma an\u00e1lise das oportunidades da CCAA da Galiza em setores estrat\u00e9gicos apresentada pela Xunta de Galicia.<\/p>\n<p>O ponto alto chegar\u00e1 \u00e0s 12:30 com uma mesa-redonda moderada por Higinio Gonz\u00e1lez, Diretor do IFCAE, que abordar\u00e1 <strong>\u201cO ciclo de um projeto empresarial na Galiza: desafios, oportunidades e futuro\u201d<\/strong>. Participar\u00e3o representantes de empresas destacadas do setor como <strong>Coasa, Avincis, Telespazio, Airbus, Tecnobit e Indra<\/strong>.<\/p>\n<p>Este evento representa uma oportunidade \u00fanica para conhecer em primeira m\u00e3o os avan\u00e7os alcan\u00e7ados na coopera\u00e7\u00e3o transfronteiri\u00e7a e as perspetivas de futuro do setor aeroespacial na Eurorregi\u00e3o.<\/p>\n<p>A inscri\u00e7\u00e3o \u00e9 gratuita e pode ser feita atrav\u00e9s do seguinte <a href=\"https:\/\/eventos.ivgestion.com\/inscripciones\/star_aeroganp.php\"><strong>link<\/strong><\/a>.<\/p>\n<p>&nbsp;<\/p>\n<p style=\"text-align: center;\"><a href=\"https:\/\/aeroganp.org\/wp-content\/uploads\/2025\/12\/20251202_Programa_Aeroganp_v2.pdf\"><strong>Descarregue o programa aqui<\/strong><\/a><\/p>\n","protected":false},"excerpt":{"rendered":"<p>O projeto POCTEP AEROGANP procura impulsionar a investiga\u00e7\u00e3o no setor aeroespacial na Eurorregi\u00e3o Galiza-Norte de Portugal mediante a cria\u00e7\u00e3o de uma rede de coopera\u00e7\u00e3o transfronteiri\u00e7a que fomente as capacidades de I+D+i entre agentes p\u00fablicos e privados. O evento ter\u00e1 lugar no 11 de dezembro de 2025 no Parque Tecnol\u00f3xico de Galicia (Tecn\u00f3pole), em San Cibrao [&hellip;]<\/p>\n","protected":false},"author":4,"featured_media":2277,"comment_status":"closed","ping_status":"closed","sticky":false,"template":"","format":"standard","meta":{"_acf_changed":false,"footnotes":""},"categories":[18],"tags":[],"class_list":["post-2286","post","type-post","status-publish","format-standard","has-post-thumbnail","hentry","category-noticias-pt-pt"],"acf":[],"yoast_head":"<!-- This site is optimized with the Yoast SEO plugin v27.5 - https:\/\/yoast.com\/product\/yoast-seo-wordpress\/ -->\n<title>La Eurorregi\u00e3o Galiza-Norte de Portugal impulsiona o setor aeroespacial com a AEROGANP - AeroGanp<\/title>\n<meta name=\"robots\" content=\"index, follow, max-snippet:-1, max-image-preview:large, max-video-preview:-1\" \/>\n<link rel=\"canonical\" href=\"https:\/\/aeroganp.org\/pt-pt\/la-eurorregion-galicia-norte-de-portugal-impulsa-el-sector-aeroespacial-con-aeroganp\/\" \/>\n<meta property=\"og:locale\" content=\"pt_PT\" \/>\n<meta property=\"og:type\" content=\"article\" \/>\n<meta property=\"og:title\" content=\"La Eurorregi\u00e3o Galiza-Norte de Portugal impulsiona o setor aeroespacial com a AEROGANP - AeroGanp\" \/>\n<meta property=\"og:description\" content=\"O projeto POCTEP AEROGANP procura impulsionar a investiga\u00e7\u00e3o no setor aeroespacial na Eurorregi\u00e3o Galiza-Norte de Portugal mediante a cria\u00e7\u00e3o de uma rede de coopera\u00e7\u00e3o transfronteiri\u00e7a que fomente as capacidades de I+D+i entre agentes p\u00fablicos e privados. O evento ter\u00e1 lugar no 11 de dezembro de 2025 no Parque Tecnol\u00f3xico de Galicia (Tecn\u00f3pole), em San Cibrao [&hellip;]\" \/>\n<meta property=\"og:url\" content=\"https:\/\/aeroganp.org\/pt-pt\/la-eurorregion-galicia-norte-de-portugal-impulsa-el-sector-aeroespacial-con-aeroganp\/\" \/>\n<meta property=\"og:site_name\" content=\"AeroGanp\" \/>\n<meta property=\"article:publisher\" content=\"https:\/\/www.facebook.com\/poctepaeroganp\/\" \/>\n<meta property=\"article:published_time\" content=\"2025-12-02T11:18:29+00:00\" \/>\n<meta property=\"article:modified_time\" content=\"2025-12-02T16:47:08+00:00\" \/>\n<meta property=\"og:image\" content=\"https:\/\/aeroganp.org\/wp-content\/uploads\/2025\/12\/7090-1.webp\" \/>\n\t<meta property=\"og:image:width\" content=\"2000\" \/>\n\t<meta property=\"og:image:height\" content=\"1333\" \/>\n\t<meta property=\"og:image:type\" content=\"image\/webp\" \/>\n<meta name=\"author\" content=\"Nuevo Admin\" \/>\n<meta name=\"twitter:card\" content=\"summary_large_image\" \/>\n<meta name=\"twitter:label1\" content=\"Escrito por\" \/>\n\t<meta name=\"twitter:data1\" content=\"Nuevo Admin\" \/>\n\t<meta name=\"twitter:label2\" content=\"Tempo estimado de leitura\" \/>\n\t<meta name=\"twitter:data2\" content=\"2 minutos\" \/>\n<script type=\"application\/ld+json\" class=\"yoast-schema-graph\">{\"@context\":\"https:\\\/\\\/schema.org\",\"@graph\":[{\"@type\":\"Article\",\"@id\":\"https:\\\/\\\/aeroganp.org\\\/pt-pt\\\/la-eurorregion-galicia-norte-de-portugal-impulsa-el-sector-aeroespacial-con-aeroganp\\\/#article\",\"isPartOf\":{\"@id\":\"https:\\\/\\\/aeroganp.org\\\/pt-pt\\\/la-eurorregion-galicia-norte-de-portugal-impulsa-el-sector-aeroespacial-con-aeroganp\\\/\"},\"author\":{\"name\":\"Nuevo Admin\",\"@id\":\"https:\\\/\\\/aeroganp.org\\\/#\\\/schema\\\/person\\\/4dbbb6f1ca9e56c7ed844349d270ab0c\"},\"headline\":\"La Eurorregi\u00e3o Galiza-Norte de Portugal impulsiona o setor aeroespacial com a AEROGANP\",\"datePublished\":\"2025-12-02T11:18:29+00:00\",\"dateModified\":\"2025-12-02T16:47:08+00:00\",\"mainEntityOfPage\":{\"@id\":\"https:\\\/\\\/aeroganp.org\\\/pt-pt\\\/la-eurorregion-galicia-norte-de-portugal-impulsa-el-sector-aeroespacial-con-aeroganp\\\/\"},\"wordCount\":257,\"publisher\":{\"@id\":\"https:\\\/\\\/aeroganp.org\\\/#organization\"},\"image\":{\"@id\":\"https:\\\/\\\/aeroganp.org\\\/pt-pt\\\/la-eurorregion-galicia-norte-de-portugal-impulsa-el-sector-aeroespacial-con-aeroganp\\\/#primaryimage\"},\"thumbnailUrl\":\"https:\\\/\\\/aeroganp.org\\\/wp-content\\\/uploads\\\/2025\\\/12\\\/7090-1.webp\",\"articleSection\":[\"Not\u00edcias\"],\"inLanguage\":\"pt-PT\"},{\"@type\":\"WebPage\",\"@id\":\"https:\\\/\\\/aeroganp.org\\\/pt-pt\\\/la-eurorregion-galicia-norte-de-portugal-impulsa-el-sector-aeroespacial-con-aeroganp\\\/\",\"url\":\"https:\\\/\\\/aeroganp.org\\\/pt-pt\\\/la-eurorregion-galicia-norte-de-portugal-impulsa-el-sector-aeroespacial-con-aeroganp\\\/\",\"name\":\"La Eurorregi\u00e3o Galiza-Norte de Portugal impulsiona o setor aeroespacial com a AEROGANP - AeroGanp\",\"isPartOf\":{\"@id\":\"https:\\\/\\\/aeroganp.org\\\/#website\"},\"primaryImageOfPage\":{\"@id\":\"https:\\\/\\\/aeroganp.org\\\/pt-pt\\\/la-eurorregion-galicia-norte-de-portugal-impulsa-el-sector-aeroespacial-con-aeroganp\\\/#primaryimage\"},\"image\":{\"@id\":\"https:\\\/\\\/aeroganp.org\\\/pt-pt\\\/la-eurorregion-galicia-norte-de-portugal-impulsa-el-sector-aeroespacial-con-aeroganp\\\/#primaryimage\"},\"thumbnailUrl\":\"https:\\\/\\\/aeroganp.org\\\/wp-content\\\/uploads\\\/2025\\\/12\\\/7090-1.webp\",\"datePublished\":\"2025-12-02T11:18:29+00:00\",\"dateModified\":\"2025-12-02T16:47:08+00:00\",\"breadcrumb\":{\"@id\":\"https:\\\/\\\/aeroganp.org\\\/pt-pt\\\/la-eurorregion-galicia-norte-de-portugal-impulsa-el-sector-aeroespacial-con-aeroganp\\\/#breadcrumb\"},\"inLanguage\":\"pt-PT\",\"potentialAction\":[{\"@type\":\"ReadAction\",\"target\":[\"https:\\\/\\\/aeroganp.org\\\/pt-pt\\\/la-eurorregion-galicia-norte-de-portugal-impulsa-el-sector-aeroespacial-con-aeroganp\\\/\"]}]},{\"@type\":\"ImageObject\",\"inLanguage\":\"pt-PT\",\"@id\":\"https:\\\/\\\/aeroganp.org\\\/pt-pt\\\/la-eurorregion-galicia-norte-de-portugal-impulsa-el-sector-aeroespacial-con-aeroganp\\\/#primaryimage\",\"url\":\"https:\\\/\\\/aeroganp.org\\\/wp-content\\\/uploads\\\/2025\\\/12\\\/7090-1.webp\",\"contentUrl\":\"https:\\\/\\\/aeroganp.org\\\/wp-content\\\/uploads\\\/2025\\\/12\\\/7090-1.webp\",\"width\":2000,\"height\":1333},{\"@type\":\"BreadcrumbList\",\"@id\":\"https:\\\/\\\/aeroganp.org\\\/pt-pt\\\/la-eurorregion-galicia-norte-de-portugal-impulsa-el-sector-aeroespacial-con-aeroganp\\\/#breadcrumb\",\"itemListElement\":[{\"@type\":\"ListItem\",\"position\":1,\"name\":\"Portada\",\"item\":\"https:\\\/\\\/aeroganp.org\\\/pt-pt\\\/home\\\/\"},{\"@type\":\"ListItem\",\"position\":2,\"name\":\"La Eurorregi\u00e3o Galiza-Norte de Portugal impulsiona o setor aeroespacial com a AEROGANP\"}]},{\"@type\":\"WebSite\",\"@id\":\"https:\\\/\\\/aeroganp.org\\\/#website\",\"url\":\"https:\\\/\\\/aeroganp.org\\\/\",\"name\":\"AeroGanp\",\"description\":\"POCTEP PROJECT 2023-2026\",\"publisher\":{\"@id\":\"https:\\\/\\\/aeroganp.org\\\/#organization\"},\"potentialAction\":[{\"@type\":\"SearchAction\",\"target\":{\"@type\":\"EntryPoint\",\"urlTemplate\":\"https:\\\/\\\/aeroganp.org\\\/?s={search_term_string}\"},\"query-input\":{\"@type\":\"PropertyValueSpecification\",\"valueRequired\":true,\"valueName\":\"search_term_string\"}}],\"inLanguage\":\"pt-PT\"},{\"@type\":\"Organization\",\"@id\":\"https:\\\/\\\/aeroganp.org\\\/#organization\",\"name\":\"AeroGanp\",\"url\":\"https:\\\/\\\/aeroganp.org\\\/\",\"logo\":{\"@type\":\"ImageObject\",\"inLanguage\":\"pt-PT\",\"@id\":\"https:\\\/\\\/aeroganp.org\\\/#\\\/schema\\\/logo\\\/image\\\/\",\"url\":\"https:\\\/\\\/aeroganp.org\\\/wp-content\\\/uploads\\\/2023\\\/11\\\/logotipo-aeroganp.svg\",\"contentUrl\":\"https:\\\/\\\/aeroganp.org\\\/wp-content\\\/uploads\\\/2023\\\/11\\\/logotipo-aeroganp.svg\",\"width\":841,\"height\":169,\"caption\":\"AeroGanp\"},\"image\":{\"@id\":\"https:\\\/\\\/aeroganp.org\\\/#\\\/schema\\\/logo\\\/image\\\/\"},\"sameAs\":[\"https:\\\/\\\/www.facebook.com\\\/poctepaeroganp\\\/\",\"https:\\\/\\\/www.instagram.com\\\/poctepaeroganp\\\/\"]},{\"@type\":\"Person\",\"@id\":\"https:\\\/\\\/aeroganp.org\\\/#\\\/schema\\\/person\\\/4dbbb6f1ca9e56c7ed844349d270ab0c\",\"name\":\"Nuevo Admin\",\"image\":{\"@type\":\"ImageObject\",\"inLanguage\":\"pt-PT\",\"@id\":\"https:\\\/\\\/secure.gravatar.com\\\/avatar\\\/594fbda3ea444066b0d14c8efc0d15e519a0c7dbb4dda67914539e166fa123a2?s=96&d=mm&r=g\",\"url\":\"https:\\\/\\\/secure.gravatar.com\\\/avatar\\\/594fbda3ea444066b0d14c8efc0d15e519a0c7dbb4dda67914539e166fa123a2?s=96&d=mm&r=g\",\"contentUrl\":\"https:\\\/\\\/secure.gravatar.com\\\/avatar\\\/594fbda3ea444066b0d14c8efc0d15e519a0c7dbb4dda67914539e166fa123a2?s=96&d=mm&r=g\",\"caption\":\"Nuevo Admin\"},\"url\":\"https:\\\/\\\/aeroganp.org\\\/pt-pt\\\/author\\\/nuevoadmin\\\/\"}]}<\/script>\n<!-- \/ Yoast SEO plugin. -->","yoast_head_json":{"title":"La Eurorregi\u00e3o Galiza-Norte de Portugal impulsiona o setor aeroespacial com a AEROGANP - AeroGanp","robots":{"index":"index","follow":"follow","max-snippet":"max-snippet:-1","max-image-preview":"max-image-preview:large","max-video-preview":"max-video-preview:-1"},"canonical":"https:\/\/aeroganp.org\/pt-pt\/la-eurorregion-galicia-norte-de-portugal-impulsa-el-sector-aeroespacial-con-aeroganp\/","og_locale":"pt_PT","og_type":"article","og_title":"La Eurorregi\u00e3o Galiza-Norte de Portugal impulsiona o setor aeroespacial com a AEROGANP - AeroGanp","og_description":"O projeto POCTEP AEROGANP procura impulsionar a investiga\u00e7\u00e3o no setor aeroespacial na Eurorregi\u00e3o Galiza-Norte de Portugal mediante a cria\u00e7\u00e3o de uma rede de coopera\u00e7\u00e3o transfronteiri\u00e7a que fomente as capacidades de I+D+i entre agentes p\u00fablicos e privados. O evento ter\u00e1 lugar no 11 de dezembro de 2025 no Parque Tecnol\u00f3xico de Galicia (Tecn\u00f3pole), em San Cibrao [&hellip;]","og_url":"https:\/\/aeroganp.org\/pt-pt\/la-eurorregion-galicia-norte-de-portugal-impulsa-el-sector-aeroespacial-con-aeroganp\/","og_site_name":"AeroGanp","article_publisher":"https:\/\/www.facebook.com\/poctepaeroganp\/","article_published_time":"2025-12-02T11:18:29+00:00","article_modified_time":"2025-12-02T16:47:08+00:00","og_image":[{"width":2000,"height":1333,"url":"https:\/\/aeroganp.org\/wp-content\/uploads\/2025\/12\/7090-1.webp","type":"image\/webp"}],"author":"Nuevo Admin","twitter_card":"summary_large_image","twitter_misc":{"Escrito por":"Nuevo Admin","Tempo estimado de leitura":"2 minutos"},"schema":{"@context":"https:\/\/schema.org","@graph":[{"@type":"Article","@id":"https:\/\/aeroganp.org\/pt-pt\/la-eurorregion-galicia-norte-de-portugal-impulsa-el-sector-aeroespacial-con-aeroganp\/#article","isPartOf":{"@id":"https:\/\/aeroganp.org\/pt-pt\/la-eurorregion-galicia-norte-de-portugal-impulsa-el-sector-aeroespacial-con-aeroganp\/"},"author":{"name":"Nuevo Admin","@id":"https:\/\/aeroganp.org\/#\/schema\/person\/4dbbb6f1ca9e56c7ed844349d270ab0c"},"headline":"La Eurorregi\u00e3o Galiza-Norte de Portugal impulsiona o setor aeroespacial com a AEROGANP","datePublished":"2025-12-02T11:18:29+00:00","dateModified":"2025-12-02T16:47:08+00:00","mainEntityOfPage":{"@id":"https:\/\/aeroganp.org\/pt-pt\/la-eurorregion-galicia-norte-de-portugal-impulsa-el-sector-aeroespacial-con-aeroganp\/"},"wordCount":257,"publisher":{"@id":"https:\/\/aeroganp.org\/#organization"},"image":{"@id":"https:\/\/aeroganp.org\/pt-pt\/la-eurorregion-galicia-norte-de-portugal-impulsa-el-sector-aeroespacial-con-aeroganp\/#primaryimage"},"thumbnailUrl":"https:\/\/aeroganp.org\/wp-content\/uploads\/2025\/12\/7090-1.webp","articleSection":["Not\u00edcias"],"inLanguage":"pt-PT"},{"@type":"WebPage","@id":"https:\/\/aeroganp.org\/pt-pt\/la-eurorregion-galicia-norte-de-portugal-impulsa-el-sector-aeroespacial-con-aeroganp\/","url":"https:\/\/aeroganp.org\/pt-pt\/la-eurorregion-galicia-norte-de-portugal-impulsa-el-sector-aeroespacial-con-aeroganp\/","name":"La Eurorregi\u00e3o Galiza-Norte de Portugal impulsiona o setor aeroespacial com a AEROGANP - AeroGanp","isPartOf":{"@id":"https:\/\/aeroganp.org\/#website"},"primaryImageOfPage":{"@id":"https:\/\/aeroganp.org\/pt-pt\/la-eurorregion-galicia-norte-de-portugal-impulsa-el-sector-aeroespacial-con-aeroganp\/#primaryimage"},"image":{"@id":"https:\/\/aeroganp.org\/pt-pt\/la-eurorregion-galicia-norte-de-portugal-impulsa-el-sector-aeroespacial-con-aeroganp\/#primaryimage"},"thumbnailUrl":"https:\/\/aeroganp.org\/wp-content\/uploads\/2025\/12\/7090-1.webp","datePublished":"2025-12-02T11:18:29+00:00","dateModified":"2025-12-02T16:47:08+00:00","breadcrumb":{"@id":"https:\/\/aeroganp.org\/pt-pt\/la-eurorregion-galicia-norte-de-portugal-impulsa-el-sector-aeroespacial-con-aeroganp\/#breadcrumb"},"inLanguage":"pt-PT","potentialAction":[{"@type":"ReadAction","target":["https:\/\/aeroganp.org\/pt-pt\/la-eurorregion-galicia-norte-de-portugal-impulsa-el-sector-aeroespacial-con-aeroganp\/"]}]},{"@type":"ImageObject","inLanguage":"pt-PT","@id":"https:\/\/aeroganp.org\/pt-pt\/la-eurorregion-galicia-norte-de-portugal-impulsa-el-sector-aeroespacial-con-aeroganp\/#primaryimage","url":"https:\/\/aeroganp.org\/wp-content\/uploads\/2025\/12\/7090-1.webp","contentUrl":"https:\/\/aeroganp.org\/wp-content\/uploads\/2025\/12\/7090-1.webp","width":2000,"height":1333},{"@type":"BreadcrumbList","@id":"https:\/\/aeroganp.org\/pt-pt\/la-eurorregion-galicia-norte-de-portugal-impulsa-el-sector-aeroespacial-con-aeroganp\/#breadcrumb","itemListElement":[{"@type":"ListItem","position":1,"name":"Portada","item":"https:\/\/aeroganp.org\/pt-pt\/home\/"},{"@type":"ListItem","position":2,"name":"La Eurorregi\u00e3o Galiza-Norte de Portugal impulsiona o setor aeroespacial com a AEROGANP"}]},{"@type":"WebSite","@id":"https:\/\/aeroganp.org\/#website","url":"https:\/\/aeroganp.org\/","name":"AeroGanp","description":"POCTEP PROJECT 2023-2026","publisher":{"@id":"https:\/\/aeroganp.org\/#organization"},"potentialAction":[{"@type":"SearchAction","target":{"@type":"EntryPoint","urlTemplate":"https:\/\/aeroganp.org\/?s={search_term_string}"},"query-input":{"@type":"PropertyValueSpecification","valueRequired":true,"valueName":"search_term_string"}}],"inLanguage":"pt-PT"},{"@type":"Organization","@id":"https:\/\/aeroganp.org\/#organization","name":"AeroGanp","url":"https:\/\/aeroganp.org\/","logo":{"@type":"ImageObject","inLanguage":"pt-PT","@id":"https:\/\/aeroganp.org\/#\/schema\/logo\/image\/","url":"https:\/\/aeroganp.org\/wp-content\/uploads\/2023\/11\/logotipo-aeroganp.svg","contentUrl":"https:\/\/aeroganp.org\/wp-content\/uploads\/2023\/11\/logotipo-aeroganp.svg","width":841,"height":169,"caption":"AeroGanp"},"image":{"@id":"https:\/\/aeroganp.org\/#\/schema\/logo\/image\/"},"sameAs":["https:\/\/www.facebook.com\/poctepaeroganp\/","https:\/\/www.instagram.com\/poctepaeroganp\/"]},{"@type":"Person","@id":"https:\/\/aeroganp.org\/#\/schema\/person\/4dbbb6f1ca9e56c7ed844349d270ab0c","name":"Nuevo Admin","image":{"@type":"ImageObject","inLanguage":"pt-PT","@id":"https:\/\/secure.gravatar.com\/avatar\/594fbda3ea444066b0d14c8efc0d15e519a0c7dbb4dda67914539e166fa123a2?s=96&d=mm&r=g","url":"https:\/\/secure.gravatar.com\/avatar\/594fbda3ea444066b0d14c8efc0d15e519a0c7dbb4dda67914539e166fa123a2?s=96&d=mm&r=g","contentUrl":"https:\/\/secure.gravatar.com\/avatar\/594fbda3ea444066b0d14c8efc0d15e519a0c7dbb4dda67914539e166fa123a2?s=96&d=mm&r=g","caption":"Nuevo Admin"},"url":"https:\/\/aeroganp.org\/pt-pt\/author\/nuevoadmin\/"}]}},"_links":{"self":[{"href":"https:\/\/aeroganp.org\/pt-pt\/wp-json\/wp\/v2\/posts\/2286","targetHints":{"allow":["GET"]}}],"collection":[{"href":"https:\/\/aeroganp.org\/pt-pt\/wp-json\/wp\/v2\/posts"}],"about":[{"href":"https:\/\/aeroganp.org\/pt-pt\/wp-json\/wp\/v2\/types\/post"}],"author":[{"embeddable":true,"href":"https:\/\/aeroganp.org\/pt-pt\/wp-json\/wp\/v2\/users\/4"}],"replies":[{"embeddable":true,"href":"https:\/\/aeroganp.org\/pt-pt\/wp-json\/wp\/v2\/comments?post=2286"}],"version-history":[{"count":2,"href":"https:\/\/aeroganp.org\/pt-pt\/wp-json\/wp\/v2\/posts\/2286\/revisions"}],"predecessor-version":[{"id":2288,"href":"https:\/\/aeroganp.org\/pt-pt\/wp-json\/wp\/v2\/posts\/2286\/revisions\/2288"}],"wp:featuredmedia":[{"embeddable":true,"href":"https:\/\/aeroganp.org\/pt-pt\/wp-json\/wp\/v2\/media\/2277"}],"wp:attachment":[{"href":"https:\/\/aeroganp.org\/pt-pt\/wp-json\/wp\/v2\/media?parent=2286"}],"wp:term":[{"taxonomy":"category","embeddable":true,"href":"https:\/\/aeroganp.org\/pt-pt\/wp-json\/wp\/v2\/categories?post=2286"},{"taxonomy":"post_tag","embeddable":true,"href":"https:\/\/aeroganp.org\/pt-pt\/wp-json\/wp\/v2\/tags?post=2286"}],"curies":[{"name":"wp","href":"https:\/\/api.w.org\/{rel}","templated":true}]}}