{"id":2247,"date":"2025-10-15T11:41:41","date_gmt":"2025-10-15T11:41:41","guid":{"rendered":"https:\/\/aeroganp.org\/o-setor-aeroespacial-debate-em-vigo-o-seu-futuro-e-o-das-tecnologias-nao-tripuladas\/"},"modified":"2025-10-15T14:20:19","modified_gmt":"2025-10-15T14:20:19","slug":"o-setor-aeroespacial-debate-em-vigo-o-seu-futuro-e-o-das-tecnologias-nao-tripuladas","status":"publish","type":"post","link":"https:\/\/aeroganp.org\/pt-pt\/o-setor-aeroespacial-debate-em-vigo-o-seu-futuro-e-o-das-tecnologias-nao-tripuladas\/","title":{"rendered":"O setor aeroespacial debate em Vigo o seu futuro e o das tecnologias n\u00e3o tripuladas"},"content":{"rendered":"\n<p>O Cons\u00f3rcio Aeroespacial da Galiza (CAG) realizar\u00e1 nos pr\u00f3ximos dias 22 e 23 de outubro a s\u00e9tima edi\u00e7\u00e3o do seu congresso internacional, um evento que <strong>transforma Vigo na capital desta ind\u00fastria.<\/strong> O encontro abrir\u00e1 o debate sobre um setor em pleno crescimento e as novas tecnologias, como os sistemas n\u00e3o tripulados, em pleno auge.<\/p>\n\n<p>\u00abA ind\u00fastria vive um momento de transforma\u00e7\u00e3o sem precedentes, impulsionado pelo crescimento da atividade em mat\u00e9ria de seguran\u00e7a e defesa, pelo desenvolvimento de novas tecnologias espaciais e pelo avan\u00e7o impar\u00e1vel dos sistemas n\u00e3o tripulados. Este dinamismo reflete-se tamb\u00e9m na avia\u00e7\u00e3o comercial, que atravessa um per\u00edodo hist\u00f3rico de expans\u00e3o\u00bb, explicou ontem<strong> Enrique Mall\u00f3n. <\/strong>O presidente do Cons\u00f3rcio avan\u00e7ou que o setor cresceu 25 % em fatura\u00e7\u00e3o em 2024, atingindo os 165 milh\u00f5es de euros, e que registou um crescimento de 7 % no emprego. <\/p>\n\n<p>En total, el congreso acoger\u00e1 cinco paneles de debate sobre los principales desaf\u00edos y oportunidades de la industria aeroespacial. El primero de ellos, analizar\u00e1 la hoja de ruta y prioridades del sector aeroespacial en Galicia para los pr\u00f3ximos a\u00f1os. El segundo, estar\u00e1 dedicado al desarrollo de nuevas tecnolog\u00edas y oportunidades en el \u00e1mbito espacial. A continuaci\u00f3n, el Ej\u00e9rcito del Aire ofrecer\u00e1 una ponencia la relevancia de la preservaci\u00f3n documental y t\u00e9cnica. El cuarto bloque, abordar\u00e1 los retos medioambientales y tecnol\u00f3gicos a los que se enfrenta la industria. Y el \u00faltimo, pondr\u00e1 el foco en los avances que marcar\u00e1n la nueva generaci\u00f3n de sistemas de defensa y conectividad a\u00e9rea.     <\/p>\n\n<p>Fonte: <a href=\"https:\/\/www.lavozdegalicia.es\/noticia\/vigo\/vigo\/2025\/10\/13\/sector-aeroespacial-debate-vigo-futuro-tecnologias-tripuladas\/00031760380336748456646.htm\">La Voz de Galicia<\/a><\/p>\n","protected":false},"excerpt":{"rendered":"<p>O Cons\u00f3rcio Aeroespacial da Galiza (CAG) realizar\u00e1 nos pr\u00f3ximos dias 22 e 23 de outubro a s\u00e9tima edi\u00e7\u00e3o do seu congresso internacional, um evento que transforma Vigo na capital desta ind\u00fastria. O encontro abrir\u00e1 o debate sobre um setor em pleno crescimento e as novas tecnologias, como os sistemas n\u00e3o tripulados, em pleno auge. \u00abA [&hellip;]<\/p>\n","protected":false},"author":1,"featured_media":2231,"comment_status":"closed","ping_status":"open","sticky":false,"template":"","format":"standard","meta":{"_acf_changed":false,"footnotes":""},"categories":[18],"tags":[],"class_list":["post-2247","post","type-post","status-publish","format-standard","has-post-thumbnail","hentry","category-noticias-pt-pt"],"acf":[],"yoast_head":"<!-- This site is optimized with the Yoast SEO plugin v27.5 - https:\/\/yoast.com\/product\/yoast-seo-wordpress\/ -->\n<title>O setor aeroespacial debate em Vigo o seu futuro e o das tecnologias n\u00e3o tripuladas - AeroGanp<\/title>\n<meta name=\"robots\" content=\"index, follow, max-snippet:-1, max-image-preview:large, max-video-preview:-1\" \/>\n<link rel=\"canonical\" href=\"https:\/\/aeroganp.org\/pt-pt\/o-setor-aeroespacial-debate-em-vigo-o-seu-futuro-e-o-das-tecnologias-nao-tripuladas\/\" \/>\n<meta property=\"og:locale\" content=\"pt_PT\" \/>\n<meta property=\"og:type\" content=\"article\" \/>\n<meta property=\"og:title\" content=\"O setor aeroespacial debate em Vigo o seu futuro e o das tecnologias n\u00e3o tripuladas - AeroGanp\" \/>\n<meta property=\"og:description\" content=\"O Cons\u00f3rcio Aeroespacial da Galiza (CAG) realizar\u00e1 nos pr\u00f3ximos dias 22 e 23 de outubro a s\u00e9tima edi\u00e7\u00e3o do seu congresso internacional, um evento que transforma Vigo na capital desta ind\u00fastria. O encontro abrir\u00e1 o debate sobre um setor em pleno crescimento e as novas tecnologias, como os sistemas n\u00e3o tripulados, em pleno auge. \u00abA [&hellip;]\" \/>\n<meta property=\"og:url\" content=\"https:\/\/aeroganp.org\/pt-pt\/o-setor-aeroespacial-debate-em-vigo-o-seu-futuro-e-o-das-tecnologias-nao-tripuladas\/\" \/>\n<meta property=\"og:site_name\" content=\"AeroGanp\" \/>\n<meta property=\"article:publisher\" content=\"https:\/\/www.facebook.com\/poctepaeroganp\/\" \/>\n<meta property=\"article:published_time\" content=\"2025-10-15T11:41:41+00:00\" \/>\n<meta property=\"article:modified_time\" content=\"2025-10-15T14:20:19+00:00\" \/>\n<meta property=\"og:image\" content=\"https:\/\/aeroganp.org\/wp-content\/uploads\/2025\/10\/2151615035-1.webp\" \/>\n\t<meta property=\"og:image:width\" content=\"1000\" \/>\n\t<meta property=\"og:image:height\" content=\"667\" \/>\n\t<meta property=\"og:image:type\" content=\"image\/webp\" \/>\n<meta name=\"author\" content=\"admin\" \/>\n<meta name=\"twitter:card\" content=\"summary_large_image\" \/>\n<meta name=\"twitter:label1\" content=\"Escrito por\" \/>\n\t<meta name=\"twitter:data1\" content=\"admin\" \/>\n\t<meta name=\"twitter:label2\" content=\"Tempo estimado de leitura\" \/>\n\t<meta name=\"twitter:data2\" content=\"1 minuto\" \/>\n<script type=\"application\/ld+json\" class=\"yoast-schema-graph\">{\"@context\":\"https:\\\/\\\/schema.org\",\"@graph\":[{\"@type\":\"Article\",\"@id\":\"https:\\\/\\\/aeroganp.org\\\/pt-pt\\\/o-setor-aeroespacial-debate-em-vigo-o-seu-futuro-e-o-das-tecnologias-nao-tripuladas\\\/#article\",\"isPartOf\":{\"@id\":\"https:\\\/\\\/aeroganp.org\\\/pt-pt\\\/o-setor-aeroespacial-debate-em-vigo-o-seu-futuro-e-o-das-tecnologias-nao-tripuladas\\\/\"},\"author\":{\"name\":\"admin\",\"@id\":\"https:\\\/\\\/aeroganp.org\\\/#\\\/schema\\\/person\\\/6aee36d3adaf920c6ee370f37eb2bb70\"},\"headline\":\"O setor aeroespacial debate em Vigo o seu futuro e o das tecnologias n\u00e3o tripuladas\",\"datePublished\":\"2025-10-15T11:41:41+00:00\",\"dateModified\":\"2025-10-15T14:20:19+00:00\",\"mainEntityOfPage\":{\"@id\":\"https:\\\/\\\/aeroganp.org\\\/pt-pt\\\/o-setor-aeroespacial-debate-em-vigo-o-seu-futuro-e-o-das-tecnologias-nao-tripuladas\\\/\"},\"wordCount\":293,\"publisher\":{\"@id\":\"https:\\\/\\\/aeroganp.org\\\/#organization\"},\"image\":{\"@id\":\"https:\\\/\\\/aeroganp.org\\\/pt-pt\\\/o-setor-aeroespacial-debate-em-vigo-o-seu-futuro-e-o-das-tecnologias-nao-tripuladas\\\/#primaryimage\"},\"thumbnailUrl\":\"https:\\\/\\\/aeroganp.org\\\/wp-content\\\/uploads\\\/2025\\\/10\\\/2151615035-1.webp\",\"articleSection\":[\"Not\u00edcias\"],\"inLanguage\":\"pt-PT\"},{\"@type\":\"WebPage\",\"@id\":\"https:\\\/\\\/aeroganp.org\\\/pt-pt\\\/o-setor-aeroespacial-debate-em-vigo-o-seu-futuro-e-o-das-tecnologias-nao-tripuladas\\\/\",\"url\":\"https:\\\/\\\/aeroganp.org\\\/pt-pt\\\/o-setor-aeroespacial-debate-em-vigo-o-seu-futuro-e-o-das-tecnologias-nao-tripuladas\\\/\",\"name\":\"O setor aeroespacial debate em Vigo o seu futuro e o das tecnologias n\u00e3o tripuladas - AeroGanp\",\"isPartOf\":{\"@id\":\"https:\\\/\\\/aeroganp.org\\\/#website\"},\"primaryImageOfPage\":{\"@id\":\"https:\\\/\\\/aeroganp.org\\\/pt-pt\\\/o-setor-aeroespacial-debate-em-vigo-o-seu-futuro-e-o-das-tecnologias-nao-tripuladas\\\/#primaryimage\"},\"image\":{\"@id\":\"https:\\\/\\\/aeroganp.org\\\/pt-pt\\\/o-setor-aeroespacial-debate-em-vigo-o-seu-futuro-e-o-das-tecnologias-nao-tripuladas\\\/#primaryimage\"},\"thumbnailUrl\":\"https:\\\/\\\/aeroganp.org\\\/wp-content\\\/uploads\\\/2025\\\/10\\\/2151615035-1.webp\",\"datePublished\":\"2025-10-15T11:41:41+00:00\",\"dateModified\":\"2025-10-15T14:20:19+00:00\",\"breadcrumb\":{\"@id\":\"https:\\\/\\\/aeroganp.org\\\/pt-pt\\\/o-setor-aeroespacial-debate-em-vigo-o-seu-futuro-e-o-das-tecnologias-nao-tripuladas\\\/#breadcrumb\"},\"inLanguage\":\"pt-PT\",\"potentialAction\":[{\"@type\":\"ReadAction\",\"target\":[\"https:\\\/\\\/aeroganp.org\\\/pt-pt\\\/o-setor-aeroespacial-debate-em-vigo-o-seu-futuro-e-o-das-tecnologias-nao-tripuladas\\\/\"]}]},{\"@type\":\"ImageObject\",\"inLanguage\":\"pt-PT\",\"@id\":\"https:\\\/\\\/aeroganp.org\\\/pt-pt\\\/o-setor-aeroespacial-debate-em-vigo-o-seu-futuro-e-o-das-tecnologias-nao-tripuladas\\\/#primaryimage\",\"url\":\"https:\\\/\\\/aeroganp.org\\\/wp-content\\\/uploads\\\/2025\\\/10\\\/2151615035-1.webp\",\"contentUrl\":\"https:\\\/\\\/aeroganp.org\\\/wp-content\\\/uploads\\\/2025\\\/10\\\/2151615035-1.webp\",\"width\":1000,\"height\":667},{\"@type\":\"BreadcrumbList\",\"@id\":\"https:\\\/\\\/aeroganp.org\\\/pt-pt\\\/o-setor-aeroespacial-debate-em-vigo-o-seu-futuro-e-o-das-tecnologias-nao-tripuladas\\\/#breadcrumb\",\"itemListElement\":[{\"@type\":\"ListItem\",\"position\":1,\"name\":\"Portada\",\"item\":\"https:\\\/\\\/aeroganp.org\\\/pt-pt\\\/home\\\/\"},{\"@type\":\"ListItem\",\"position\":2,\"name\":\"O setor aeroespacial debate em Vigo o seu futuro e o das tecnologias n\u00e3o tripuladas\"}]},{\"@type\":\"WebSite\",\"@id\":\"https:\\\/\\\/aeroganp.org\\\/#website\",\"url\":\"https:\\\/\\\/aeroganp.org\\\/\",\"name\":\"AeroGanp\",\"description\":\"POCTEP PROJECT 2023-2026\",\"publisher\":{\"@id\":\"https:\\\/\\\/aeroganp.org\\\/#organization\"},\"potentialAction\":[{\"@type\":\"SearchAction\",\"target\":{\"@type\":\"EntryPoint\",\"urlTemplate\":\"https:\\\/\\\/aeroganp.org\\\/?s={search_term_string}\"},\"query-input\":{\"@type\":\"PropertyValueSpecification\",\"valueRequired\":true,\"valueName\":\"search_term_string\"}}],\"inLanguage\":\"pt-PT\"},{\"@type\":\"Organization\",\"@id\":\"https:\\\/\\\/aeroganp.org\\\/#organization\",\"name\":\"AeroGanp\",\"url\":\"https:\\\/\\\/aeroganp.org\\\/\",\"logo\":{\"@type\":\"ImageObject\",\"inLanguage\":\"pt-PT\",\"@id\":\"https:\\\/\\\/aeroganp.org\\\/#\\\/schema\\\/logo\\\/image\\\/\",\"url\":\"https:\\\/\\\/aeroganp.org\\\/wp-content\\\/uploads\\\/2023\\\/11\\\/logotipo-aeroganp.svg\",\"contentUrl\":\"https:\\\/\\\/aeroganp.org\\\/wp-content\\\/uploads\\\/2023\\\/11\\\/logotipo-aeroganp.svg\",\"width\":841,\"height\":169,\"caption\":\"AeroGanp\"},\"image\":{\"@id\":\"https:\\\/\\\/aeroganp.org\\\/#\\\/schema\\\/logo\\\/image\\\/\"},\"sameAs\":[\"https:\\\/\\\/www.facebook.com\\\/poctepaeroganp\\\/\",\"https:\\\/\\\/www.instagram.com\\\/poctepaeroganp\\\/\"]},{\"@type\":\"Person\",\"@id\":\"https:\\\/\\\/aeroganp.org\\\/#\\\/schema\\\/person\\\/6aee36d3adaf920c6ee370f37eb2bb70\",\"name\":\"admin\",\"image\":{\"@type\":\"ImageObject\",\"inLanguage\":\"pt-PT\",\"@id\":\"https:\\\/\\\/secure.gravatar.com\\\/avatar\\\/31b35e755ff2b0c34126176672a16bf183e7bd39af14ea92c4ba98c2ed012b2f?s=96&d=mm&r=g\",\"url\":\"https:\\\/\\\/secure.gravatar.com\\\/avatar\\\/31b35e755ff2b0c34126176672a16bf183e7bd39af14ea92c4ba98c2ed012b2f?s=96&d=mm&r=g\",\"contentUrl\":\"https:\\\/\\\/secure.gravatar.com\\\/avatar\\\/31b35e755ff2b0c34126176672a16bf183e7bd39af14ea92c4ba98c2ed012b2f?s=96&d=mm&r=g\",\"caption\":\"admin\"},\"sameAs\":[\"http:\\\/\\\/aeroganp.org\"],\"url\":\"https:\\\/\\\/aeroganp.org\\\/pt-pt\\\/author\\\/admin\\\/\"}]}<\/script>\n<!-- \/ Yoast SEO plugin. -->","yoast_head_json":{"title":"O setor aeroespacial debate em Vigo o seu futuro e o das tecnologias n\u00e3o tripuladas - AeroGanp","robots":{"index":"index","follow":"follow","max-snippet":"max-snippet:-1","max-image-preview":"max-image-preview:large","max-video-preview":"max-video-preview:-1"},"canonical":"https:\/\/aeroganp.org\/pt-pt\/o-setor-aeroespacial-debate-em-vigo-o-seu-futuro-e-o-das-tecnologias-nao-tripuladas\/","og_locale":"pt_PT","og_type":"article","og_title":"O setor aeroespacial debate em Vigo o seu futuro e o das tecnologias n\u00e3o tripuladas - AeroGanp","og_description":"O Cons\u00f3rcio Aeroespacial da Galiza (CAG) realizar\u00e1 nos pr\u00f3ximos dias 22 e 23 de outubro a s\u00e9tima edi\u00e7\u00e3o do seu congresso internacional, um evento que transforma Vigo na capital desta ind\u00fastria. O encontro abrir\u00e1 o debate sobre um setor em pleno crescimento e as novas tecnologias, como os sistemas n\u00e3o tripulados, em pleno auge. \u00abA [&hellip;]","og_url":"https:\/\/aeroganp.org\/pt-pt\/o-setor-aeroespacial-debate-em-vigo-o-seu-futuro-e-o-das-tecnologias-nao-tripuladas\/","og_site_name":"AeroGanp","article_publisher":"https:\/\/www.facebook.com\/poctepaeroganp\/","article_published_time":"2025-10-15T11:41:41+00:00","article_modified_time":"2025-10-15T14:20:19+00:00","og_image":[{"width":1000,"height":667,"url":"https:\/\/aeroganp.org\/wp-content\/uploads\/2025\/10\/2151615035-1.webp","type":"image\/webp"}],"author":"admin","twitter_card":"summary_large_image","twitter_misc":{"Escrito por":"admin","Tempo estimado de leitura":"1 minuto"},"schema":{"@context":"https:\/\/schema.org","@graph":[{"@type":"Article","@id":"https:\/\/aeroganp.org\/pt-pt\/o-setor-aeroespacial-debate-em-vigo-o-seu-futuro-e-o-das-tecnologias-nao-tripuladas\/#article","isPartOf":{"@id":"https:\/\/aeroganp.org\/pt-pt\/o-setor-aeroespacial-debate-em-vigo-o-seu-futuro-e-o-das-tecnologias-nao-tripuladas\/"},"author":{"name":"admin","@id":"https:\/\/aeroganp.org\/#\/schema\/person\/6aee36d3adaf920c6ee370f37eb2bb70"},"headline":"O setor aeroespacial debate em Vigo o seu futuro e o das tecnologias n\u00e3o tripuladas","datePublished":"2025-10-15T11:41:41+00:00","dateModified":"2025-10-15T14:20:19+00:00","mainEntityOfPage":{"@id":"https:\/\/aeroganp.org\/pt-pt\/o-setor-aeroespacial-debate-em-vigo-o-seu-futuro-e-o-das-tecnologias-nao-tripuladas\/"},"wordCount":293,"publisher":{"@id":"https:\/\/aeroganp.org\/#organization"},"image":{"@id":"https:\/\/aeroganp.org\/pt-pt\/o-setor-aeroespacial-debate-em-vigo-o-seu-futuro-e-o-das-tecnologias-nao-tripuladas\/#primaryimage"},"thumbnailUrl":"https:\/\/aeroganp.org\/wp-content\/uploads\/2025\/10\/2151615035-1.webp","articleSection":["Not\u00edcias"],"inLanguage":"pt-PT"},{"@type":"WebPage","@id":"https:\/\/aeroganp.org\/pt-pt\/o-setor-aeroespacial-debate-em-vigo-o-seu-futuro-e-o-das-tecnologias-nao-tripuladas\/","url":"https:\/\/aeroganp.org\/pt-pt\/o-setor-aeroespacial-debate-em-vigo-o-seu-futuro-e-o-das-tecnologias-nao-tripuladas\/","name":"O setor aeroespacial debate em Vigo o seu futuro e o das tecnologias n\u00e3o tripuladas - AeroGanp","isPartOf":{"@id":"https:\/\/aeroganp.org\/#website"},"primaryImageOfPage":{"@id":"https:\/\/aeroganp.org\/pt-pt\/o-setor-aeroespacial-debate-em-vigo-o-seu-futuro-e-o-das-tecnologias-nao-tripuladas\/#primaryimage"},"image":{"@id":"https:\/\/aeroganp.org\/pt-pt\/o-setor-aeroespacial-debate-em-vigo-o-seu-futuro-e-o-das-tecnologias-nao-tripuladas\/#primaryimage"},"thumbnailUrl":"https:\/\/aeroganp.org\/wp-content\/uploads\/2025\/10\/2151615035-1.webp","datePublished":"2025-10-15T11:41:41+00:00","dateModified":"2025-10-15T14:20:19+00:00","breadcrumb":{"@id":"https:\/\/aeroganp.org\/pt-pt\/o-setor-aeroespacial-debate-em-vigo-o-seu-futuro-e-o-das-tecnologias-nao-tripuladas\/#breadcrumb"},"inLanguage":"pt-PT","potentialAction":[{"@type":"ReadAction","target":["https:\/\/aeroganp.org\/pt-pt\/o-setor-aeroespacial-debate-em-vigo-o-seu-futuro-e-o-das-tecnologias-nao-tripuladas\/"]}]},{"@type":"ImageObject","inLanguage":"pt-PT","@id":"https:\/\/aeroganp.org\/pt-pt\/o-setor-aeroespacial-debate-em-vigo-o-seu-futuro-e-o-das-tecnologias-nao-tripuladas\/#primaryimage","url":"https:\/\/aeroganp.org\/wp-content\/uploads\/2025\/10\/2151615035-1.webp","contentUrl":"https:\/\/aeroganp.org\/wp-content\/uploads\/2025\/10\/2151615035-1.webp","width":1000,"height":667},{"@type":"BreadcrumbList","@id":"https:\/\/aeroganp.org\/pt-pt\/o-setor-aeroespacial-debate-em-vigo-o-seu-futuro-e-o-das-tecnologias-nao-tripuladas\/#breadcrumb","itemListElement":[{"@type":"ListItem","position":1,"name":"Portada","item":"https:\/\/aeroganp.org\/pt-pt\/home\/"},{"@type":"ListItem","position":2,"name":"O setor aeroespacial debate em Vigo o seu futuro e o das tecnologias n\u00e3o tripuladas"}]},{"@type":"WebSite","@id":"https:\/\/aeroganp.org\/#website","url":"https:\/\/aeroganp.org\/","name":"AeroGanp","description":"POCTEP PROJECT 2023-2026","publisher":{"@id":"https:\/\/aeroganp.org\/#organization"},"potentialAction":[{"@type":"SearchAction","target":{"@type":"EntryPoint","urlTemplate":"https:\/\/aeroganp.org\/?s={search_term_string}"},"query-input":{"@type":"PropertyValueSpecification","valueRequired":true,"valueName":"search_term_string"}}],"inLanguage":"pt-PT"},{"@type":"Organization","@id":"https:\/\/aeroganp.org\/#organization","name":"AeroGanp","url":"https:\/\/aeroganp.org\/","logo":{"@type":"ImageObject","inLanguage":"pt-PT","@id":"https:\/\/aeroganp.org\/#\/schema\/logo\/image\/","url":"https:\/\/aeroganp.org\/wp-content\/uploads\/2023\/11\/logotipo-aeroganp.svg","contentUrl":"https:\/\/aeroganp.org\/wp-content\/uploads\/2023\/11\/logotipo-aeroganp.svg","width":841,"height":169,"caption":"AeroGanp"},"image":{"@id":"https:\/\/aeroganp.org\/#\/schema\/logo\/image\/"},"sameAs":["https:\/\/www.facebook.com\/poctepaeroganp\/","https:\/\/www.instagram.com\/poctepaeroganp\/"]},{"@type":"Person","@id":"https:\/\/aeroganp.org\/#\/schema\/person\/6aee36d3adaf920c6ee370f37eb2bb70","name":"admin","image":{"@type":"ImageObject","inLanguage":"pt-PT","@id":"https:\/\/secure.gravatar.com\/avatar\/31b35e755ff2b0c34126176672a16bf183e7bd39af14ea92c4ba98c2ed012b2f?s=96&d=mm&r=g","url":"https:\/\/secure.gravatar.com\/avatar\/31b35e755ff2b0c34126176672a16bf183e7bd39af14ea92c4ba98c2ed012b2f?s=96&d=mm&r=g","contentUrl":"https:\/\/secure.gravatar.com\/avatar\/31b35e755ff2b0c34126176672a16bf183e7bd39af14ea92c4ba98c2ed012b2f?s=96&d=mm&r=g","caption":"admin"},"sameAs":["http:\/\/aeroganp.org"],"url":"https:\/\/aeroganp.org\/pt-pt\/author\/admin\/"}]}},"_links":{"self":[{"href":"https:\/\/aeroganp.org\/pt-pt\/wp-json\/wp\/v2\/posts\/2247","targetHints":{"allow":["GET"]}}],"collection":[{"href":"https:\/\/aeroganp.org\/pt-pt\/wp-json\/wp\/v2\/posts"}],"about":[{"href":"https:\/\/aeroganp.org\/pt-pt\/wp-json\/wp\/v2\/types\/post"}],"author":[{"embeddable":true,"href":"https:\/\/aeroganp.org\/pt-pt\/wp-json\/wp\/v2\/users\/1"}],"replies":[{"embeddable":true,"href":"https:\/\/aeroganp.org\/pt-pt\/wp-json\/wp\/v2\/comments?post=2247"}],"version-history":[{"count":0,"href":"https:\/\/aeroganp.org\/pt-pt\/wp-json\/wp\/v2\/posts\/2247\/revisions"}],"wp:featuredmedia":[{"embeddable":true,"href":"https:\/\/aeroganp.org\/pt-pt\/wp-json\/wp\/v2\/media\/2231"}],"wp:attachment":[{"href":"https:\/\/aeroganp.org\/pt-pt\/wp-json\/wp\/v2\/media?parent=2247"}],"wp:term":[{"taxonomy":"category","embeddable":true,"href":"https:\/\/aeroganp.org\/pt-pt\/wp-json\/wp\/v2\/categories?post=2247"},{"taxonomy":"post_tag","embeddable":true,"href":"https:\/\/aeroganp.org\/pt-pt\/wp-json\/wp\/v2\/tags?post=2247"}],"curies":[{"name":"wp","href":"https:\/\/api.w.org\/{rel}","templated":true}]}}