{"id":2245,"date":"2025-10-15T11:34:01","date_gmt":"2025-10-15T11:34:01","guid":{"rendered":"https:\/\/aeroganp.org\/o-setor-aeroespacial-internacional-reunir-se-a-em-vigo-nos-dias-22-e-23-de-outubro\/"},"modified":"2025-10-15T14:17:32","modified_gmt":"2025-10-15T14:17:32","slug":"o-setor-aeroespacial-internacional-reunir-se-a-em-vigo-nos-dias-22-e-23-de-outubro","status":"publish","type":"post","link":"https:\/\/aeroganp.org\/pt-pt\/o-setor-aeroespacial-internacional-reunir-se-a-em-vigo-nos-dias-22-e-23-de-outubro\/","title":{"rendered":"O setor aeroespacial internacional reunir-se-\u00e1 em Vigo nos dias 22 e 23 de outubro"},"content":{"rendered":"\n<p>Vigo acolher\u00e1, nos dias 22 e 23 de outubro, o VII Congresso Internacional Aeroespacial, que ser\u00e1 celebrado no primeiro dia no Hotel Attica 21 com um cocktail de networking que reunir\u00e1 participantes, palestrantes e representantes de empresas e institui\u00e7\u00f5es do setor aeroespacial, e a jornada principal de confer\u00eancias ter\u00e1 lugar no <strong>Hotel Pazo Los Escudos<\/strong>.<\/p>\n\n<p>Este f\u00f3rum, que reunir\u00e1 representantes de empresas do setor, t\u00e9cnicos e especialistas para abordar quest\u00f5es como <strong>seguran\u00e7a e defesa, ecossistemas satelitais, comunica\u00e7\u00f5es seguras, aeronaves n\u00e3o tripuladas ou descarboniza\u00e7\u00e3o,<\/strong> foi apresentado nesta segunda-feira pelo presidente do Cons\u00f3rcio Aeron\u00e1utico Galego (CAG), Enrique Mall\u00f3n, e pela secret\u00e1ria t\u00e9cnica do CAG, Jennifer Gonz\u00e1lez.<\/p>\n\n<p>Um evento que ser\u00e1 realizado num <strong>\u00abmomento muito bom\u00bb<\/strong> para esta ind\u00fastria, que conta com importantes previs\u00f5es de crescimento, tamb\u00e9m na Galiza. Segundo Mall\u00f3n, est\u00e1 prevista a participa\u00e7\u00e3o de cerca de 200 pessoas e, durante as confer\u00eancias, ser\u00e3o abordadas quest\u00f5es relacionadas tanto com a avia\u00e7\u00e3o comercial como com a ind\u00fastria de drones e aeronaves n\u00e3o tripuladas e com os sat\u00e9lites. <\/p>\n\n<p>Este setor, segundo o presidente do CAG, conta com uma grande procura por parte de grandes empresas como a Boeing ou a Airbus, que esperam milhares de aeronaves j\u00e1 adjudicadas e em processo de entrega, e o setor atualmente n\u00e3o consegue dar uma resposta \u00e1gil. Isto representa uma grande oportunidade para a ind\u00fastria galega poder <strong>participar nestes processos e \u00abcompetir\u00bb<\/strong>, gra\u00e7as ao facto de manter uma tend\u00eancia de crescimento no emprego e no volume de neg\u00f3cios. <\/p>\n\n<p>Em 2024, Mall\u00f3n destacou que a ind\u00fastria aeron\u00e1utica galega cresceu 7% em termos de emprego e mais de 25% em faturamento, um crescimento que se manter\u00e1 em 2025, com pelo menos 2% em emprego e 5% em faturamento.<\/p>\n\n<p><strong>Programa do CIAG<\/strong><\/p>\n\n<p><br\/>O VII Congresso Internacional Aeroespacial ter\u00e1 in\u00edcio no dia 22 de outubro com uma visita \u00e0 sede da Al\u00e9n Space, em Porto do Molle (Nigr\u00e1n), e no dia 23 de outubro ser\u00e3o realizadas as diferentes palestras no Hotel Pazo Los Escudos de Vigo, com a participa\u00e7\u00e3o da conselheira Mar\u00eda Jes\u00fas Lorenzana na abertura e a presen\u00e7a do presidente da Xunta, <strong>Alfonso Rueda<\/strong>, no encerramento.<\/p>\n\n<p>Entre os palestrantes deste f\u00f3rum est\u00e3o representantes de empresas l\u00edderes do setor, como <strong>Lockheed Martin, Al\u00e9n Space, Boeing, Airbus, Indra, Leonardo e Grupo Oes\u00eda<\/strong>. Tamb\u00e9m participar\u00e3o a For\u00e7a A\u00e9rea e Espacial, a Ag\u00eancia Estatal de Seguran\u00e7a A\u00e9rea e o Florida Space Institute dos Estados Unidos.<\/p>\n\n<p>Os <strong>especialistas abordar\u00e3o quest\u00f5es como<\/strong> a Iniciativa Estrat\u00e9gica em Seguran\u00e7a, Defesa e Aeroespacial da Xunta; sat\u00e9lites e ecossistemas espaciais na Europa e nos Estados Unidos; patrim\u00f3nio cultural aeron\u00e1utico e transfer\u00eancia de conhecimento; descarboniza\u00e7\u00e3o e efici\u00eancia; e interoperabilidade, comunica\u00e7\u00f5es seguras e redes de combate do futuro.<\/p>\n\n<p>Fonte: <a href=\"https:\/\/www.elespanol.com\/treintayseis\/economia\/tecnologia\/20251013\/sector-aeroespacial-internacional-dara-cita-vigo-dias-octubre\/1003743966858_0.html\">El Espa\u00f1ol<\/a><\/p>\n","protected":false},"excerpt":{"rendered":"<p>Vigo acolher\u00e1, nos dias 22 e 23 de outubro, o VII Congresso Internacional Aeroespacial, que ser\u00e1 celebrado no primeiro dia no Hotel Attica 21 com um cocktail de networking que reunir\u00e1 participantes, palestrantes e representantes de empresas e institui\u00e7\u00f5es do setor aeroespacial, e a jornada principal de confer\u00eancias ter\u00e1 lugar no Hotel Pazo Los Escudos. [&hellip;]<\/p>\n","protected":false},"author":1,"featured_media":2229,"comment_status":"closed","ping_status":"open","sticky":false,"template":"","format":"standard","meta":{"_acf_changed":false,"footnotes":""},"categories":[18],"tags":[],"class_list":["post-2245","post","type-post","status-publish","format-standard","has-post-thumbnail","hentry","category-noticias-pt-pt"],"acf":[],"yoast_head":"<!-- This site is optimized with the Yoast SEO plugin v27.5 - https:\/\/yoast.com\/product\/yoast-seo-wordpress\/ -->\n<title>O setor aeroespacial internacional reunir-se-\u00e1 em Vigo nos dias 22 e 23 de outubro - AeroGanp<\/title>\n<meta name=\"robots\" content=\"index, follow, max-snippet:-1, max-image-preview:large, max-video-preview:-1\" \/>\n<link rel=\"canonical\" href=\"https:\/\/aeroganp.org\/pt-pt\/o-setor-aeroespacial-internacional-reunir-se-a-em-vigo-nos-dias-22-e-23-de-outubro\/\" \/>\n<meta property=\"og:locale\" content=\"pt_PT\" \/>\n<meta property=\"og:type\" content=\"article\" \/>\n<meta property=\"og:title\" content=\"O setor aeroespacial internacional reunir-se-\u00e1 em Vigo nos dias 22 e 23 de outubro - AeroGanp\" \/>\n<meta property=\"og:description\" content=\"Vigo acolher\u00e1, nos dias 22 e 23 de outubro, o VII Congresso Internacional Aeroespacial, que ser\u00e1 celebrado no primeiro dia no Hotel Attica 21 com um cocktail de networking que reunir\u00e1 participantes, palestrantes e representantes de empresas e institui\u00e7\u00f5es do setor aeroespacial, e a jornada principal de confer\u00eancias ter\u00e1 lugar no Hotel Pazo Los Escudos. [&hellip;]\" \/>\n<meta property=\"og:url\" content=\"https:\/\/aeroganp.org\/pt-pt\/o-setor-aeroespacial-internacional-reunir-se-a-em-vigo-nos-dias-22-e-23-de-outubro\/\" \/>\n<meta property=\"og:site_name\" content=\"AeroGanp\" \/>\n<meta property=\"article:publisher\" content=\"https:\/\/www.facebook.com\/poctepaeroganp\/\" \/>\n<meta property=\"article:published_time\" content=\"2025-10-15T11:34:01+00:00\" \/>\n<meta property=\"article:modified_time\" content=\"2025-10-15T14:17:32+00:00\" \/>\n<meta property=\"og:image\" content=\"https:\/\/aeroganp.org\/wp-content\/uploads\/2025\/10\/1003743966898_259333337_1706x960-1-1-1-1.webp\" \/>\n\t<meta property=\"og:image:width\" content=\"1706\" \/>\n\t<meta property=\"og:image:height\" content=\"960\" \/>\n\t<meta property=\"og:image:type\" content=\"image\/webp\" \/>\n<meta name=\"author\" content=\"admin\" \/>\n<meta name=\"twitter:card\" content=\"summary_large_image\" \/>\n<meta name=\"twitter:label1\" content=\"Escrito por\" \/>\n\t<meta name=\"twitter:data1\" content=\"admin\" \/>\n\t<meta name=\"twitter:label2\" content=\"Tempo estimado de leitura\" \/>\n\t<meta name=\"twitter:data2\" content=\"2 minutos\" \/>\n<script type=\"application\/ld+json\" class=\"yoast-schema-graph\">{\"@context\":\"https:\\\/\\\/schema.org\",\"@graph\":[{\"@type\":\"Article\",\"@id\":\"https:\\\/\\\/aeroganp.org\\\/pt-pt\\\/o-setor-aeroespacial-internacional-reunir-se-a-em-vigo-nos-dias-22-e-23-de-outubro\\\/#article\",\"isPartOf\":{\"@id\":\"https:\\\/\\\/aeroganp.org\\\/pt-pt\\\/o-setor-aeroespacial-internacional-reunir-se-a-em-vigo-nos-dias-22-e-23-de-outubro\\\/\"},\"author\":{\"name\":\"admin\",\"@id\":\"https:\\\/\\\/aeroganp.org\\\/#\\\/schema\\\/person\\\/6aee36d3adaf920c6ee370f37eb2bb70\"},\"headline\":\"O setor aeroespacial internacional reunir-se-\u00e1 em Vigo nos dias 22 e 23 de outubro\",\"datePublished\":\"2025-10-15T11:34:01+00:00\",\"dateModified\":\"2025-10-15T14:17:32+00:00\",\"mainEntityOfPage\":{\"@id\":\"https:\\\/\\\/aeroganp.org\\\/pt-pt\\\/o-setor-aeroespacial-internacional-reunir-se-a-em-vigo-nos-dias-22-e-23-de-outubro\\\/\"},\"wordCount\":504,\"publisher\":{\"@id\":\"https:\\\/\\\/aeroganp.org\\\/#organization\"},\"image\":{\"@id\":\"https:\\\/\\\/aeroganp.org\\\/pt-pt\\\/o-setor-aeroespacial-internacional-reunir-se-a-em-vigo-nos-dias-22-e-23-de-outubro\\\/#primaryimage\"},\"thumbnailUrl\":\"https:\\\/\\\/aeroganp.org\\\/wp-content\\\/uploads\\\/2025\\\/10\\\/1003743966898_259333337_1706x960-1-1-1-1.webp\",\"articleSection\":[\"Not\u00edcias\"],\"inLanguage\":\"pt-PT\"},{\"@type\":\"WebPage\",\"@id\":\"https:\\\/\\\/aeroganp.org\\\/pt-pt\\\/o-setor-aeroespacial-internacional-reunir-se-a-em-vigo-nos-dias-22-e-23-de-outubro\\\/\",\"url\":\"https:\\\/\\\/aeroganp.org\\\/pt-pt\\\/o-setor-aeroespacial-internacional-reunir-se-a-em-vigo-nos-dias-22-e-23-de-outubro\\\/\",\"name\":\"O setor aeroespacial internacional reunir-se-\u00e1 em Vigo nos dias 22 e 23 de outubro - AeroGanp\",\"isPartOf\":{\"@id\":\"https:\\\/\\\/aeroganp.org\\\/#website\"},\"primaryImageOfPage\":{\"@id\":\"https:\\\/\\\/aeroganp.org\\\/pt-pt\\\/o-setor-aeroespacial-internacional-reunir-se-a-em-vigo-nos-dias-22-e-23-de-outubro\\\/#primaryimage\"},\"image\":{\"@id\":\"https:\\\/\\\/aeroganp.org\\\/pt-pt\\\/o-setor-aeroespacial-internacional-reunir-se-a-em-vigo-nos-dias-22-e-23-de-outubro\\\/#primaryimage\"},\"thumbnailUrl\":\"https:\\\/\\\/aeroganp.org\\\/wp-content\\\/uploads\\\/2025\\\/10\\\/1003743966898_259333337_1706x960-1-1-1-1.webp\",\"datePublished\":\"2025-10-15T11:34:01+00:00\",\"dateModified\":\"2025-10-15T14:17:32+00:00\",\"breadcrumb\":{\"@id\":\"https:\\\/\\\/aeroganp.org\\\/pt-pt\\\/o-setor-aeroespacial-internacional-reunir-se-a-em-vigo-nos-dias-22-e-23-de-outubro\\\/#breadcrumb\"},\"inLanguage\":\"pt-PT\",\"potentialAction\":[{\"@type\":\"ReadAction\",\"target\":[\"https:\\\/\\\/aeroganp.org\\\/pt-pt\\\/o-setor-aeroespacial-internacional-reunir-se-a-em-vigo-nos-dias-22-e-23-de-outubro\\\/\"]}]},{\"@type\":\"ImageObject\",\"inLanguage\":\"pt-PT\",\"@id\":\"https:\\\/\\\/aeroganp.org\\\/pt-pt\\\/o-setor-aeroespacial-internacional-reunir-se-a-em-vigo-nos-dias-22-e-23-de-outubro\\\/#primaryimage\",\"url\":\"https:\\\/\\\/aeroganp.org\\\/wp-content\\\/uploads\\\/2025\\\/10\\\/1003743966898_259333337_1706x960-1-1-1-1.webp\",\"contentUrl\":\"https:\\\/\\\/aeroganp.org\\\/wp-content\\\/uploads\\\/2025\\\/10\\\/1003743966898_259333337_1706x960-1-1-1-1.webp\",\"width\":1706,\"height\":960},{\"@type\":\"BreadcrumbList\",\"@id\":\"https:\\\/\\\/aeroganp.org\\\/pt-pt\\\/o-setor-aeroespacial-internacional-reunir-se-a-em-vigo-nos-dias-22-e-23-de-outubro\\\/#breadcrumb\",\"itemListElement\":[{\"@type\":\"ListItem\",\"position\":1,\"name\":\"Portada\",\"item\":\"https:\\\/\\\/aeroganp.org\\\/pt-pt\\\/home\\\/\"},{\"@type\":\"ListItem\",\"position\":2,\"name\":\"O setor aeroespacial internacional reunir-se-\u00e1 em Vigo nos dias 22 e 23 de outubro\"}]},{\"@type\":\"WebSite\",\"@id\":\"https:\\\/\\\/aeroganp.org\\\/#website\",\"url\":\"https:\\\/\\\/aeroganp.org\\\/\",\"name\":\"AeroGanp\",\"description\":\"POCTEP PROJECT 2023-2026\",\"publisher\":{\"@id\":\"https:\\\/\\\/aeroganp.org\\\/#organization\"},\"potentialAction\":[{\"@type\":\"SearchAction\",\"target\":{\"@type\":\"EntryPoint\",\"urlTemplate\":\"https:\\\/\\\/aeroganp.org\\\/?s={search_term_string}\"},\"query-input\":{\"@type\":\"PropertyValueSpecification\",\"valueRequired\":true,\"valueName\":\"search_term_string\"}}],\"inLanguage\":\"pt-PT\"},{\"@type\":\"Organization\",\"@id\":\"https:\\\/\\\/aeroganp.org\\\/#organization\",\"name\":\"AeroGanp\",\"url\":\"https:\\\/\\\/aeroganp.org\\\/\",\"logo\":{\"@type\":\"ImageObject\",\"inLanguage\":\"pt-PT\",\"@id\":\"https:\\\/\\\/aeroganp.org\\\/#\\\/schema\\\/logo\\\/image\\\/\",\"url\":\"https:\\\/\\\/aeroganp.org\\\/wp-content\\\/uploads\\\/2023\\\/11\\\/logotipo-aeroganp.svg\",\"contentUrl\":\"https:\\\/\\\/aeroganp.org\\\/wp-content\\\/uploads\\\/2023\\\/11\\\/logotipo-aeroganp.svg\",\"width\":841,\"height\":169,\"caption\":\"AeroGanp\"},\"image\":{\"@id\":\"https:\\\/\\\/aeroganp.org\\\/#\\\/schema\\\/logo\\\/image\\\/\"},\"sameAs\":[\"https:\\\/\\\/www.facebook.com\\\/poctepaeroganp\\\/\",\"https:\\\/\\\/www.instagram.com\\\/poctepaeroganp\\\/\"]},{\"@type\":\"Person\",\"@id\":\"https:\\\/\\\/aeroganp.org\\\/#\\\/schema\\\/person\\\/6aee36d3adaf920c6ee370f37eb2bb70\",\"name\":\"admin\",\"image\":{\"@type\":\"ImageObject\",\"inLanguage\":\"pt-PT\",\"@id\":\"https:\\\/\\\/secure.gravatar.com\\\/avatar\\\/31b35e755ff2b0c34126176672a16bf183e7bd39af14ea92c4ba98c2ed012b2f?s=96&d=mm&r=g\",\"url\":\"https:\\\/\\\/secure.gravatar.com\\\/avatar\\\/31b35e755ff2b0c34126176672a16bf183e7bd39af14ea92c4ba98c2ed012b2f?s=96&d=mm&r=g\",\"contentUrl\":\"https:\\\/\\\/secure.gravatar.com\\\/avatar\\\/31b35e755ff2b0c34126176672a16bf183e7bd39af14ea92c4ba98c2ed012b2f?s=96&d=mm&r=g\",\"caption\":\"admin\"},\"sameAs\":[\"http:\\\/\\\/aeroganp.org\"],\"url\":\"https:\\\/\\\/aeroganp.org\\\/pt-pt\\\/author\\\/admin\\\/\"}]}<\/script>\n<!-- \/ Yoast SEO plugin. -->","yoast_head_json":{"title":"O setor aeroespacial internacional reunir-se-\u00e1 em Vigo nos dias 22 e 23 de outubro - AeroGanp","robots":{"index":"index","follow":"follow","max-snippet":"max-snippet:-1","max-image-preview":"max-image-preview:large","max-video-preview":"max-video-preview:-1"},"canonical":"https:\/\/aeroganp.org\/pt-pt\/o-setor-aeroespacial-internacional-reunir-se-a-em-vigo-nos-dias-22-e-23-de-outubro\/","og_locale":"pt_PT","og_type":"article","og_title":"O setor aeroespacial internacional reunir-se-\u00e1 em Vigo nos dias 22 e 23 de outubro - AeroGanp","og_description":"Vigo acolher\u00e1, nos dias 22 e 23 de outubro, o VII Congresso Internacional Aeroespacial, que ser\u00e1 celebrado no primeiro dia no Hotel Attica 21 com um cocktail de networking que reunir\u00e1 participantes, palestrantes e representantes de empresas e institui\u00e7\u00f5es do setor aeroespacial, e a jornada principal de confer\u00eancias ter\u00e1 lugar no Hotel Pazo Los Escudos. [&hellip;]","og_url":"https:\/\/aeroganp.org\/pt-pt\/o-setor-aeroespacial-internacional-reunir-se-a-em-vigo-nos-dias-22-e-23-de-outubro\/","og_site_name":"AeroGanp","article_publisher":"https:\/\/www.facebook.com\/poctepaeroganp\/","article_published_time":"2025-10-15T11:34:01+00:00","article_modified_time":"2025-10-15T14:17:32+00:00","og_image":[{"width":1706,"height":960,"url":"https:\/\/aeroganp.org\/wp-content\/uploads\/2025\/10\/1003743966898_259333337_1706x960-1-1-1-1.webp","type":"image\/webp"}],"author":"admin","twitter_card":"summary_large_image","twitter_misc":{"Escrito por":"admin","Tempo estimado de leitura":"2 minutos"},"schema":{"@context":"https:\/\/schema.org","@graph":[{"@type":"Article","@id":"https:\/\/aeroganp.org\/pt-pt\/o-setor-aeroespacial-internacional-reunir-se-a-em-vigo-nos-dias-22-e-23-de-outubro\/#article","isPartOf":{"@id":"https:\/\/aeroganp.org\/pt-pt\/o-setor-aeroespacial-internacional-reunir-se-a-em-vigo-nos-dias-22-e-23-de-outubro\/"},"author":{"name":"admin","@id":"https:\/\/aeroganp.org\/#\/schema\/person\/6aee36d3adaf920c6ee370f37eb2bb70"},"headline":"O setor aeroespacial internacional reunir-se-\u00e1 em Vigo nos dias 22 e 23 de outubro","datePublished":"2025-10-15T11:34:01+00:00","dateModified":"2025-10-15T14:17:32+00:00","mainEntityOfPage":{"@id":"https:\/\/aeroganp.org\/pt-pt\/o-setor-aeroespacial-internacional-reunir-se-a-em-vigo-nos-dias-22-e-23-de-outubro\/"},"wordCount":504,"publisher":{"@id":"https:\/\/aeroganp.org\/#organization"},"image":{"@id":"https:\/\/aeroganp.org\/pt-pt\/o-setor-aeroespacial-internacional-reunir-se-a-em-vigo-nos-dias-22-e-23-de-outubro\/#primaryimage"},"thumbnailUrl":"https:\/\/aeroganp.org\/wp-content\/uploads\/2025\/10\/1003743966898_259333337_1706x960-1-1-1-1.webp","articleSection":["Not\u00edcias"],"inLanguage":"pt-PT"},{"@type":"WebPage","@id":"https:\/\/aeroganp.org\/pt-pt\/o-setor-aeroespacial-internacional-reunir-se-a-em-vigo-nos-dias-22-e-23-de-outubro\/","url":"https:\/\/aeroganp.org\/pt-pt\/o-setor-aeroespacial-internacional-reunir-se-a-em-vigo-nos-dias-22-e-23-de-outubro\/","name":"O setor aeroespacial internacional reunir-se-\u00e1 em Vigo nos dias 22 e 23 de outubro - AeroGanp","isPartOf":{"@id":"https:\/\/aeroganp.org\/#website"},"primaryImageOfPage":{"@id":"https:\/\/aeroganp.org\/pt-pt\/o-setor-aeroespacial-internacional-reunir-se-a-em-vigo-nos-dias-22-e-23-de-outubro\/#primaryimage"},"image":{"@id":"https:\/\/aeroganp.org\/pt-pt\/o-setor-aeroespacial-internacional-reunir-se-a-em-vigo-nos-dias-22-e-23-de-outubro\/#primaryimage"},"thumbnailUrl":"https:\/\/aeroganp.org\/wp-content\/uploads\/2025\/10\/1003743966898_259333337_1706x960-1-1-1-1.webp","datePublished":"2025-10-15T11:34:01+00:00","dateModified":"2025-10-15T14:17:32+00:00","breadcrumb":{"@id":"https:\/\/aeroganp.org\/pt-pt\/o-setor-aeroespacial-internacional-reunir-se-a-em-vigo-nos-dias-22-e-23-de-outubro\/#breadcrumb"},"inLanguage":"pt-PT","potentialAction":[{"@type":"ReadAction","target":["https:\/\/aeroganp.org\/pt-pt\/o-setor-aeroespacial-internacional-reunir-se-a-em-vigo-nos-dias-22-e-23-de-outubro\/"]}]},{"@type":"ImageObject","inLanguage":"pt-PT","@id":"https:\/\/aeroganp.org\/pt-pt\/o-setor-aeroespacial-internacional-reunir-se-a-em-vigo-nos-dias-22-e-23-de-outubro\/#primaryimage","url":"https:\/\/aeroganp.org\/wp-content\/uploads\/2025\/10\/1003743966898_259333337_1706x960-1-1-1-1.webp","contentUrl":"https:\/\/aeroganp.org\/wp-content\/uploads\/2025\/10\/1003743966898_259333337_1706x960-1-1-1-1.webp","width":1706,"height":960},{"@type":"BreadcrumbList","@id":"https:\/\/aeroganp.org\/pt-pt\/o-setor-aeroespacial-internacional-reunir-se-a-em-vigo-nos-dias-22-e-23-de-outubro\/#breadcrumb","itemListElement":[{"@type":"ListItem","position":1,"name":"Portada","item":"https:\/\/aeroganp.org\/pt-pt\/home\/"},{"@type":"ListItem","position":2,"name":"O setor aeroespacial internacional reunir-se-\u00e1 em Vigo nos dias 22 e 23 de outubro"}]},{"@type":"WebSite","@id":"https:\/\/aeroganp.org\/#website","url":"https:\/\/aeroganp.org\/","name":"AeroGanp","description":"POCTEP PROJECT 2023-2026","publisher":{"@id":"https:\/\/aeroganp.org\/#organization"},"potentialAction":[{"@type":"SearchAction","target":{"@type":"EntryPoint","urlTemplate":"https:\/\/aeroganp.org\/?s={search_term_string}"},"query-input":{"@type":"PropertyValueSpecification","valueRequired":true,"valueName":"search_term_string"}}],"inLanguage":"pt-PT"},{"@type":"Organization","@id":"https:\/\/aeroganp.org\/#organization","name":"AeroGanp","url":"https:\/\/aeroganp.org\/","logo":{"@type":"ImageObject","inLanguage":"pt-PT","@id":"https:\/\/aeroganp.org\/#\/schema\/logo\/image\/","url":"https:\/\/aeroganp.org\/wp-content\/uploads\/2023\/11\/logotipo-aeroganp.svg","contentUrl":"https:\/\/aeroganp.org\/wp-content\/uploads\/2023\/11\/logotipo-aeroganp.svg","width":841,"height":169,"caption":"AeroGanp"},"image":{"@id":"https:\/\/aeroganp.org\/#\/schema\/logo\/image\/"},"sameAs":["https:\/\/www.facebook.com\/poctepaeroganp\/","https:\/\/www.instagram.com\/poctepaeroganp\/"]},{"@type":"Person","@id":"https:\/\/aeroganp.org\/#\/schema\/person\/6aee36d3adaf920c6ee370f37eb2bb70","name":"admin","image":{"@type":"ImageObject","inLanguage":"pt-PT","@id":"https:\/\/secure.gravatar.com\/avatar\/31b35e755ff2b0c34126176672a16bf183e7bd39af14ea92c4ba98c2ed012b2f?s=96&d=mm&r=g","url":"https:\/\/secure.gravatar.com\/avatar\/31b35e755ff2b0c34126176672a16bf183e7bd39af14ea92c4ba98c2ed012b2f?s=96&d=mm&r=g","contentUrl":"https:\/\/secure.gravatar.com\/avatar\/31b35e755ff2b0c34126176672a16bf183e7bd39af14ea92c4ba98c2ed012b2f?s=96&d=mm&r=g","caption":"admin"},"sameAs":["http:\/\/aeroganp.org"],"url":"https:\/\/aeroganp.org\/pt-pt\/author\/admin\/"}]}},"_links":{"self":[{"href":"https:\/\/aeroganp.org\/pt-pt\/wp-json\/wp\/v2\/posts\/2245","targetHints":{"allow":["GET"]}}],"collection":[{"href":"https:\/\/aeroganp.org\/pt-pt\/wp-json\/wp\/v2\/posts"}],"about":[{"href":"https:\/\/aeroganp.org\/pt-pt\/wp-json\/wp\/v2\/types\/post"}],"author":[{"embeddable":true,"href":"https:\/\/aeroganp.org\/pt-pt\/wp-json\/wp\/v2\/users\/1"}],"replies":[{"embeddable":true,"href":"https:\/\/aeroganp.org\/pt-pt\/wp-json\/wp\/v2\/comments?post=2245"}],"version-history":[{"count":0,"href":"https:\/\/aeroganp.org\/pt-pt\/wp-json\/wp\/v2\/posts\/2245\/revisions"}],"wp:featuredmedia":[{"embeddable":true,"href":"https:\/\/aeroganp.org\/pt-pt\/wp-json\/wp\/v2\/media\/2229"}],"wp:attachment":[{"href":"https:\/\/aeroganp.org\/pt-pt\/wp-json\/wp\/v2\/media?parent=2245"}],"wp:term":[{"taxonomy":"category","embeddable":true,"href":"https:\/\/aeroganp.org\/pt-pt\/wp-json\/wp\/v2\/categories?post=2245"},{"taxonomy":"post_tag","embeddable":true,"href":"https:\/\/aeroganp.org\/pt-pt\/wp-json\/wp\/v2\/tags?post=2245"}],"curies":[{"name":"wp","href":"https:\/\/api.w.org\/{rel}","templated":true}]}}