{"id":2236,"date":"2025-10-15T10:09:46","date_gmt":"2025-10-15T10:09:46","guid":{"rendered":"https:\/\/aeroganp.org\/a-industria-aeroespacial-galega-preve-varios-anos-de-crescimento\/"},"modified":"2025-10-15T12:01:04","modified_gmt":"2025-10-15T12:01:04","slug":"a-industria-aeroespacial-galega-preve-varios-anos-de-crescimento","status":"publish","type":"post","link":"https:\/\/aeroganp.org\/pt-pt\/a-industria-aeroespacial-galega-preve-varios-anos-de-crescimento\/","title":{"rendered":"A ind\u00fastria aeroespacial galega prev\u00ea v\u00e1rios anos de crescimento"},"content":{"rendered":"\n<p>A Airbus tem mais de 8.000 avi\u00f5es pendentes de entrega e a Boeing ultrapassa os 6.000. S\u00e3o dois n\u00fameros apresentados ontem pelo Cons\u00f3rcio Aeroespacial Galego (CAG) para comprovar o bom estado de sa\u00fade do setor da avia\u00e7\u00e3o civil, drones, sat\u00e9lites e do segmento de seguran\u00e7a e defesa. \u00ab\u00c9 um momento hist\u00f3rico, nunca antes existiu uma carteira de encomendas desta magnitude na qual a ind\u00fastria da Galiza aspira entrar\u00bb, indica<g id=\"gid_2\"> Enrique Mall\u00f3n<\/g>, presidente do CAG, na apresenta\u00e7\u00e3o da s\u00e9tima edi\u00e7\u00e3o do congresso internacional que se realizar\u00e1 em Vigo na pr\u00f3xima semana. \u00abEste evento chega num momento excecional, porque o setor est\u00e1 a viver uma avalanche de contratos\u00bb, indicou Mall\u00f3n sobre os que promovem os grandes fabricantes que j\u00e1 foram adjudicados, mas aos quais a ind\u00fastria n\u00e3o \u00e9 capaz de dar resposta devido \u00e0 grande procura. \u00abH\u00e1 uma necessidade de modernizar as frotas para aeronaves mais eficientes e sustent\u00e1veis. S\u00f3 no ano passado, o tr\u00e1fego a\u00e9reo aumentou mais de 10% a n\u00edvel mundial\u00bb, salientou.   <\/p>\n\n<p>\u00c9 a\u00ed que entra a <strong>Galiza<\/strong>, com um setor aeroespacial que gera mais de 1.700 empregos, fatura 165 milh\u00f5es e exporta no valor de 90 milh\u00f5es, e que aspira crescer \u00abpelo menos 2% em postos de trabalho e 5% em volume de neg\u00f3cios\u00bb este ano, com expectativas de \u00abcontinuar nesta trajet\u00f3ria de expans\u00e3o\u00bb. \u00abEstamos focados no grande crescimento desta ind\u00fastria, um momento de transforma\u00e7\u00e3o sem precedentes impulsionado pela atividade em seguran\u00e7a e defesa, pelo desenvolvimento de novas tecnologias espaciais e pelo avan\u00e7o impar\u00e1vel dos sistemas n\u00e3o tripulados (drones)\u00bb, afirmou Mall\u00f3n. <\/p>\n\n<p>H\u00e1 uma d\u00e9cada, o setor aeroespacial galego era insignificante e hoje \u00ab\u00e9 uma <strong>refer\u00eancia internacional<\/strong> e um dos mais potentes de Espanha\u00bb, com empresas como Delta Vigo, Coasa, Uarx Space, Al\u00e9n Space, Vig-Sec Drone, Kreios Space ou Marine Instruments, entre outras. Na Galiza, existem dois p\u00f3los de refer\u00eancia: Porto do Molle, em Nigr\u00e1n, impulsionado pela Zona Franca, e As Rozas, em Lugo. <\/p>\n\n<p>Entre os desafios que o setor enfrenta, o CAG <strong>destaca a sustentabilidade, a descarboniza\u00e7\u00e3o e o desenvolvimento tecnol\u00f3gico,<\/strong> que s\u00e3o alguns dos aspectos que ser\u00e3o debatidos pelos especialistas no Congresso Internacional Aeroespacial (CIAG), que ser\u00e1 realizado em Vigo nos dias 22 e 23 de outubro. O evento espera reunir mais de 200 representantes de empresas, institui\u00e7\u00f5es e centros tecnol\u00f3gicos da ind\u00fastria aeroespacial internacional. <\/p>\n\n<p><strong>Vigo acolhe um congresso aeroespacial de alto n\u00edvel com a Boeing, a Airbus e a Lockheed Martin<\/strong><br\/><\/p>\n\n<p>Vigo acolher\u00e1 na pr\u00f3xima semana (22 e 23 de outubro) a s\u00e9tima edi\u00e7\u00e3o do Congresso Internacional Aeroespacial, promovido pelo Cons\u00f3rcio Aeron\u00e1utico Galego com a colabora\u00e7\u00e3o da Xunta, que <strong>reunir\u00e1 um poderoso painel de especialistas do setor <\/strong>com representa\u00e7\u00e3o de empresas de primeiro n\u00edvel como Airbus, Boeing, Indra, Grupo Oes\u00eda, Al\u00e9n Space e Destinos Spain, ou as multinacionais Leonardo e Lockheed Martin, que participam pela primeira vez.<\/p>\n\n<p>Ser\u00e1 realizado no <strong>Hotel Pazo Los Escudos<\/strong> com palestras sobre seguran\u00e7a e defesa, sat\u00e9lites, descarboniza\u00e7\u00e3o, uso de novas tecnologias e comunica\u00e7\u00f5es seguras. Participar\u00e3o organismos como o Florida Space Institute &#8211; onde se localiza o complexo de lan\u00e7amento espacial Cabo Ca\u00f1averal -, as for\u00e7as a\u00e9reas e espaciais espanholas e a Ag\u00eancia Estatal de Seguran\u00e7a A\u00e9rea. Tamb\u00e9m estar\u00e3o presentes representantes da Xunta, do Cons\u00f3rcio da Zona Franca de Vigo e, pelo Governo, o secret\u00e1rio de Estado da Ind\u00fastria.  <\/p>\n\n<p>Fonte: <a href=\"https:\/\/www.atlantico.net\/economia\/industria-aeroespacial-gallega-preve-anos_1_20251014-4015278.html\">Atl\u00e1ntico<\/a><\/p>\n","protected":false},"excerpt":{"rendered":"<p>A Airbus tem mais de 8.000 avi\u00f5es pendentes de entrega e a Boeing ultrapassa os 6.000. S\u00e3o dois n\u00fameros apresentados ontem pelo Cons\u00f3rcio Aeroespacial Galego (CAG) para comprovar o bom estado de sa\u00fade do setor da avia\u00e7\u00e3o civil, drones, sat\u00e9lites e do segmento de seguran\u00e7a e defesa. \u00ab\u00c9 um momento hist\u00f3rico, nunca antes existiu uma [&hellip;]<\/p>\n","protected":false},"author":1,"featured_media":2221,"comment_status":"closed","ping_status":"open","sticky":false,"template":"","format":"standard","meta":{"_acf_changed":false,"footnotes":""},"categories":[18],"tags":[],"class_list":["post-2236","post","type-post","status-publish","format-standard","has-post-thumbnail","hentry","category-noticias-pt-pt"],"acf":[],"yoast_head":"<!-- This site is optimized with the Yoast SEO plugin v27.5 - https:\/\/yoast.com\/product\/yoast-seo-wordpress\/ -->\n<title>A ind\u00fastria aeroespacial galega prev\u00ea v\u00e1rios anos de crescimento - AeroGanp<\/title>\n<meta name=\"robots\" content=\"index, follow, max-snippet:-1, max-image-preview:large, max-video-preview:-1\" \/>\n<link rel=\"canonical\" href=\"https:\/\/aeroganp.org\/pt-pt\/a-industria-aeroespacial-galega-preve-varios-anos-de-crescimento\/\" \/>\n<meta property=\"og:locale\" content=\"pt_PT\" \/>\n<meta property=\"og:type\" content=\"article\" \/>\n<meta property=\"og:title\" content=\"A ind\u00fastria aeroespacial galega prev\u00ea v\u00e1rios anos de crescimento - AeroGanp\" \/>\n<meta property=\"og:description\" content=\"A Airbus tem mais de 8.000 avi\u00f5es pendentes de entrega e a Boeing ultrapassa os 6.000. S\u00e3o dois n\u00fameros apresentados ontem pelo Cons\u00f3rcio Aeroespacial Galego (CAG) para comprovar o bom estado de sa\u00fade do setor da avia\u00e7\u00e3o civil, drones, sat\u00e9lites e do segmento de seguran\u00e7a e defesa. \u00ab\u00c9 um momento hist\u00f3rico, nunca antes existiu uma [&hellip;]\" \/>\n<meta property=\"og:url\" content=\"https:\/\/aeroganp.org\/pt-pt\/a-industria-aeroespacial-galega-preve-varios-anos-de-crescimento\/\" \/>\n<meta property=\"og:site_name\" content=\"AeroGanp\" \/>\n<meta property=\"article:publisher\" content=\"https:\/\/www.facebook.com\/poctepaeroganp\/\" \/>\n<meta property=\"article:published_time\" content=\"2025-10-15T10:09:46+00:00\" \/>\n<meta property=\"article:modified_time\" content=\"2025-10-15T12:01:04+00:00\" \/>\n<meta property=\"og:image\" content=\"https:\/\/aeroganp.org\/wp-content\/uploads\/2025\/10\/1320008d-c27a-452c-b6aa-bc1921d43d59_16-9-aspect-ratio_1600w_0.webp\" \/>\n\t<meta property=\"og:image:width\" content=\"1600\" \/>\n\t<meta property=\"og:image:height\" content=\"900\" \/>\n\t<meta property=\"og:image:type\" content=\"image\/webp\" \/>\n<meta name=\"author\" content=\"admin\" \/>\n<meta name=\"twitter:card\" content=\"summary_large_image\" \/>\n<meta name=\"twitter:label1\" content=\"Escrito por\" \/>\n\t<meta name=\"twitter:data1\" content=\"admin\" \/>\n\t<meta name=\"twitter:label2\" content=\"Tempo estimado de leitura\" \/>\n\t<meta name=\"twitter:data2\" content=\"3 minutos\" \/>\n<script type=\"application\/ld+json\" class=\"yoast-schema-graph\">{\"@context\":\"https:\\\/\\\/schema.org\",\"@graph\":[{\"@type\":\"Article\",\"@id\":\"https:\\\/\\\/aeroganp.org\\\/pt-pt\\\/a-industria-aeroespacial-galega-preve-varios-anos-de-crescimento\\\/#article\",\"isPartOf\":{\"@id\":\"https:\\\/\\\/aeroganp.org\\\/pt-pt\\\/a-industria-aeroespacial-galega-preve-varios-anos-de-crescimento\\\/\"},\"author\":{\"name\":\"admin\",\"@id\":\"https:\\\/\\\/aeroganp.org\\\/#\\\/schema\\\/person\\\/6aee36d3adaf920c6ee370f37eb2bb70\"},\"headline\":\"A ind\u00fastria aeroespacial galega prev\u00ea v\u00e1rios anos de crescimento\",\"datePublished\":\"2025-10-15T10:09:46+00:00\",\"dateModified\":\"2025-10-15T12:01:04+00:00\",\"mainEntityOfPage\":{\"@id\":\"https:\\\/\\\/aeroganp.org\\\/pt-pt\\\/a-industria-aeroespacial-galega-preve-varios-anos-de-crescimento\\\/\"},\"wordCount\":607,\"publisher\":{\"@id\":\"https:\\\/\\\/aeroganp.org\\\/#organization\"},\"image\":{\"@id\":\"https:\\\/\\\/aeroganp.org\\\/pt-pt\\\/a-industria-aeroespacial-galega-preve-varios-anos-de-crescimento\\\/#primaryimage\"},\"thumbnailUrl\":\"https:\\\/\\\/aeroganp.org\\\/wp-content\\\/uploads\\\/2025\\\/10\\\/1320008d-c27a-452c-b6aa-bc1921d43d59_16-9-aspect-ratio_1600w_0.webp\",\"articleSection\":[\"Not\u00edcias\"],\"inLanguage\":\"pt-PT\"},{\"@type\":\"WebPage\",\"@id\":\"https:\\\/\\\/aeroganp.org\\\/pt-pt\\\/a-industria-aeroespacial-galega-preve-varios-anos-de-crescimento\\\/\",\"url\":\"https:\\\/\\\/aeroganp.org\\\/pt-pt\\\/a-industria-aeroespacial-galega-preve-varios-anos-de-crescimento\\\/\",\"name\":\"A ind\u00fastria aeroespacial galega prev\u00ea v\u00e1rios anos de crescimento - AeroGanp\",\"isPartOf\":{\"@id\":\"https:\\\/\\\/aeroganp.org\\\/#website\"},\"primaryImageOfPage\":{\"@id\":\"https:\\\/\\\/aeroganp.org\\\/pt-pt\\\/a-industria-aeroespacial-galega-preve-varios-anos-de-crescimento\\\/#primaryimage\"},\"image\":{\"@id\":\"https:\\\/\\\/aeroganp.org\\\/pt-pt\\\/a-industria-aeroespacial-galega-preve-varios-anos-de-crescimento\\\/#primaryimage\"},\"thumbnailUrl\":\"https:\\\/\\\/aeroganp.org\\\/wp-content\\\/uploads\\\/2025\\\/10\\\/1320008d-c27a-452c-b6aa-bc1921d43d59_16-9-aspect-ratio_1600w_0.webp\",\"datePublished\":\"2025-10-15T10:09:46+00:00\",\"dateModified\":\"2025-10-15T12:01:04+00:00\",\"breadcrumb\":{\"@id\":\"https:\\\/\\\/aeroganp.org\\\/pt-pt\\\/a-industria-aeroespacial-galega-preve-varios-anos-de-crescimento\\\/#breadcrumb\"},\"inLanguage\":\"pt-PT\",\"potentialAction\":[{\"@type\":\"ReadAction\",\"target\":[\"https:\\\/\\\/aeroganp.org\\\/pt-pt\\\/a-industria-aeroespacial-galega-preve-varios-anos-de-crescimento\\\/\"]}]},{\"@type\":\"ImageObject\",\"inLanguage\":\"pt-PT\",\"@id\":\"https:\\\/\\\/aeroganp.org\\\/pt-pt\\\/a-industria-aeroespacial-galega-preve-varios-anos-de-crescimento\\\/#primaryimage\",\"url\":\"https:\\\/\\\/aeroganp.org\\\/wp-content\\\/uploads\\\/2025\\\/10\\\/1320008d-c27a-452c-b6aa-bc1921d43d59_16-9-aspect-ratio_1600w_0.webp\",\"contentUrl\":\"https:\\\/\\\/aeroganp.org\\\/wp-content\\\/uploads\\\/2025\\\/10\\\/1320008d-c27a-452c-b6aa-bc1921d43d59_16-9-aspect-ratio_1600w_0.webp\",\"width\":1600,\"height\":900},{\"@type\":\"BreadcrumbList\",\"@id\":\"https:\\\/\\\/aeroganp.org\\\/pt-pt\\\/a-industria-aeroespacial-galega-preve-varios-anos-de-crescimento\\\/#breadcrumb\",\"itemListElement\":[{\"@type\":\"ListItem\",\"position\":1,\"name\":\"Portada\",\"item\":\"https:\\\/\\\/aeroganp.org\\\/pt-pt\\\/home\\\/\"},{\"@type\":\"ListItem\",\"position\":2,\"name\":\"A ind\u00fastria aeroespacial galega prev\u00ea v\u00e1rios anos de crescimento\"}]},{\"@type\":\"WebSite\",\"@id\":\"https:\\\/\\\/aeroganp.org\\\/#website\",\"url\":\"https:\\\/\\\/aeroganp.org\\\/\",\"name\":\"AeroGanp\",\"description\":\"POCTEP PROJECT 2023-2026\",\"publisher\":{\"@id\":\"https:\\\/\\\/aeroganp.org\\\/#organization\"},\"potentialAction\":[{\"@type\":\"SearchAction\",\"target\":{\"@type\":\"EntryPoint\",\"urlTemplate\":\"https:\\\/\\\/aeroganp.org\\\/?s={search_term_string}\"},\"query-input\":{\"@type\":\"PropertyValueSpecification\",\"valueRequired\":true,\"valueName\":\"search_term_string\"}}],\"inLanguage\":\"pt-PT\"},{\"@type\":\"Organization\",\"@id\":\"https:\\\/\\\/aeroganp.org\\\/#organization\",\"name\":\"AeroGanp\",\"url\":\"https:\\\/\\\/aeroganp.org\\\/\",\"logo\":{\"@type\":\"ImageObject\",\"inLanguage\":\"pt-PT\",\"@id\":\"https:\\\/\\\/aeroganp.org\\\/#\\\/schema\\\/logo\\\/image\\\/\",\"url\":\"https:\\\/\\\/aeroganp.org\\\/wp-content\\\/uploads\\\/2023\\\/11\\\/logotipo-aeroganp.svg\",\"contentUrl\":\"https:\\\/\\\/aeroganp.org\\\/wp-content\\\/uploads\\\/2023\\\/11\\\/logotipo-aeroganp.svg\",\"width\":841,\"height\":169,\"caption\":\"AeroGanp\"},\"image\":{\"@id\":\"https:\\\/\\\/aeroganp.org\\\/#\\\/schema\\\/logo\\\/image\\\/\"},\"sameAs\":[\"https:\\\/\\\/www.facebook.com\\\/poctepaeroganp\\\/\",\"https:\\\/\\\/www.instagram.com\\\/poctepaeroganp\\\/\"]},{\"@type\":\"Person\",\"@id\":\"https:\\\/\\\/aeroganp.org\\\/#\\\/schema\\\/person\\\/6aee36d3adaf920c6ee370f37eb2bb70\",\"name\":\"admin\",\"image\":{\"@type\":\"ImageObject\",\"inLanguage\":\"pt-PT\",\"@id\":\"https:\\\/\\\/secure.gravatar.com\\\/avatar\\\/31b35e755ff2b0c34126176672a16bf183e7bd39af14ea92c4ba98c2ed012b2f?s=96&d=mm&r=g\",\"url\":\"https:\\\/\\\/secure.gravatar.com\\\/avatar\\\/31b35e755ff2b0c34126176672a16bf183e7bd39af14ea92c4ba98c2ed012b2f?s=96&d=mm&r=g\",\"contentUrl\":\"https:\\\/\\\/secure.gravatar.com\\\/avatar\\\/31b35e755ff2b0c34126176672a16bf183e7bd39af14ea92c4ba98c2ed012b2f?s=96&d=mm&r=g\",\"caption\":\"admin\"},\"sameAs\":[\"http:\\\/\\\/aeroganp.org\"],\"url\":\"https:\\\/\\\/aeroganp.org\\\/pt-pt\\\/author\\\/admin\\\/\"}]}<\/script>\n<!-- \/ Yoast SEO plugin. -->","yoast_head_json":{"title":"A ind\u00fastria aeroespacial galega prev\u00ea v\u00e1rios anos de crescimento - AeroGanp","robots":{"index":"index","follow":"follow","max-snippet":"max-snippet:-1","max-image-preview":"max-image-preview:large","max-video-preview":"max-video-preview:-1"},"canonical":"https:\/\/aeroganp.org\/pt-pt\/a-industria-aeroespacial-galega-preve-varios-anos-de-crescimento\/","og_locale":"pt_PT","og_type":"article","og_title":"A ind\u00fastria aeroespacial galega prev\u00ea v\u00e1rios anos de crescimento - AeroGanp","og_description":"A Airbus tem mais de 8.000 avi\u00f5es pendentes de entrega e a Boeing ultrapassa os 6.000. S\u00e3o dois n\u00fameros apresentados ontem pelo Cons\u00f3rcio Aeroespacial Galego (CAG) para comprovar o bom estado de sa\u00fade do setor da avia\u00e7\u00e3o civil, drones, sat\u00e9lites e do segmento de seguran\u00e7a e defesa. \u00ab\u00c9 um momento hist\u00f3rico, nunca antes existiu uma [&hellip;]","og_url":"https:\/\/aeroganp.org\/pt-pt\/a-industria-aeroespacial-galega-preve-varios-anos-de-crescimento\/","og_site_name":"AeroGanp","article_publisher":"https:\/\/www.facebook.com\/poctepaeroganp\/","article_published_time":"2025-10-15T10:09:46+00:00","article_modified_time":"2025-10-15T12:01:04+00:00","og_image":[{"width":1600,"height":900,"url":"https:\/\/aeroganp.org\/wp-content\/uploads\/2025\/10\/1320008d-c27a-452c-b6aa-bc1921d43d59_16-9-aspect-ratio_1600w_0.webp","type":"image\/webp"}],"author":"admin","twitter_card":"summary_large_image","twitter_misc":{"Escrito por":"admin","Tempo estimado de leitura":"3 minutos"},"schema":{"@context":"https:\/\/schema.org","@graph":[{"@type":"Article","@id":"https:\/\/aeroganp.org\/pt-pt\/a-industria-aeroespacial-galega-preve-varios-anos-de-crescimento\/#article","isPartOf":{"@id":"https:\/\/aeroganp.org\/pt-pt\/a-industria-aeroespacial-galega-preve-varios-anos-de-crescimento\/"},"author":{"name":"admin","@id":"https:\/\/aeroganp.org\/#\/schema\/person\/6aee36d3adaf920c6ee370f37eb2bb70"},"headline":"A ind\u00fastria aeroespacial galega prev\u00ea v\u00e1rios anos de crescimento","datePublished":"2025-10-15T10:09:46+00:00","dateModified":"2025-10-15T12:01:04+00:00","mainEntityOfPage":{"@id":"https:\/\/aeroganp.org\/pt-pt\/a-industria-aeroespacial-galega-preve-varios-anos-de-crescimento\/"},"wordCount":607,"publisher":{"@id":"https:\/\/aeroganp.org\/#organization"},"image":{"@id":"https:\/\/aeroganp.org\/pt-pt\/a-industria-aeroespacial-galega-preve-varios-anos-de-crescimento\/#primaryimage"},"thumbnailUrl":"https:\/\/aeroganp.org\/wp-content\/uploads\/2025\/10\/1320008d-c27a-452c-b6aa-bc1921d43d59_16-9-aspect-ratio_1600w_0.webp","articleSection":["Not\u00edcias"],"inLanguage":"pt-PT"},{"@type":"WebPage","@id":"https:\/\/aeroganp.org\/pt-pt\/a-industria-aeroespacial-galega-preve-varios-anos-de-crescimento\/","url":"https:\/\/aeroganp.org\/pt-pt\/a-industria-aeroespacial-galega-preve-varios-anos-de-crescimento\/","name":"A ind\u00fastria aeroespacial galega prev\u00ea v\u00e1rios anos de crescimento - AeroGanp","isPartOf":{"@id":"https:\/\/aeroganp.org\/#website"},"primaryImageOfPage":{"@id":"https:\/\/aeroganp.org\/pt-pt\/a-industria-aeroespacial-galega-preve-varios-anos-de-crescimento\/#primaryimage"},"image":{"@id":"https:\/\/aeroganp.org\/pt-pt\/a-industria-aeroespacial-galega-preve-varios-anos-de-crescimento\/#primaryimage"},"thumbnailUrl":"https:\/\/aeroganp.org\/wp-content\/uploads\/2025\/10\/1320008d-c27a-452c-b6aa-bc1921d43d59_16-9-aspect-ratio_1600w_0.webp","datePublished":"2025-10-15T10:09:46+00:00","dateModified":"2025-10-15T12:01:04+00:00","breadcrumb":{"@id":"https:\/\/aeroganp.org\/pt-pt\/a-industria-aeroespacial-galega-preve-varios-anos-de-crescimento\/#breadcrumb"},"inLanguage":"pt-PT","potentialAction":[{"@type":"ReadAction","target":["https:\/\/aeroganp.org\/pt-pt\/a-industria-aeroespacial-galega-preve-varios-anos-de-crescimento\/"]}]},{"@type":"ImageObject","inLanguage":"pt-PT","@id":"https:\/\/aeroganp.org\/pt-pt\/a-industria-aeroespacial-galega-preve-varios-anos-de-crescimento\/#primaryimage","url":"https:\/\/aeroganp.org\/wp-content\/uploads\/2025\/10\/1320008d-c27a-452c-b6aa-bc1921d43d59_16-9-aspect-ratio_1600w_0.webp","contentUrl":"https:\/\/aeroganp.org\/wp-content\/uploads\/2025\/10\/1320008d-c27a-452c-b6aa-bc1921d43d59_16-9-aspect-ratio_1600w_0.webp","width":1600,"height":900},{"@type":"BreadcrumbList","@id":"https:\/\/aeroganp.org\/pt-pt\/a-industria-aeroespacial-galega-preve-varios-anos-de-crescimento\/#breadcrumb","itemListElement":[{"@type":"ListItem","position":1,"name":"Portada","item":"https:\/\/aeroganp.org\/pt-pt\/home\/"},{"@type":"ListItem","position":2,"name":"A ind\u00fastria aeroespacial galega prev\u00ea v\u00e1rios anos de crescimento"}]},{"@type":"WebSite","@id":"https:\/\/aeroganp.org\/#website","url":"https:\/\/aeroganp.org\/","name":"AeroGanp","description":"POCTEP PROJECT 2023-2026","publisher":{"@id":"https:\/\/aeroganp.org\/#organization"},"potentialAction":[{"@type":"SearchAction","target":{"@type":"EntryPoint","urlTemplate":"https:\/\/aeroganp.org\/?s={search_term_string}"},"query-input":{"@type":"PropertyValueSpecification","valueRequired":true,"valueName":"search_term_string"}}],"inLanguage":"pt-PT"},{"@type":"Organization","@id":"https:\/\/aeroganp.org\/#organization","name":"AeroGanp","url":"https:\/\/aeroganp.org\/","logo":{"@type":"ImageObject","inLanguage":"pt-PT","@id":"https:\/\/aeroganp.org\/#\/schema\/logo\/image\/","url":"https:\/\/aeroganp.org\/wp-content\/uploads\/2023\/11\/logotipo-aeroganp.svg","contentUrl":"https:\/\/aeroganp.org\/wp-content\/uploads\/2023\/11\/logotipo-aeroganp.svg","width":841,"height":169,"caption":"AeroGanp"},"image":{"@id":"https:\/\/aeroganp.org\/#\/schema\/logo\/image\/"},"sameAs":["https:\/\/www.facebook.com\/poctepaeroganp\/","https:\/\/www.instagram.com\/poctepaeroganp\/"]},{"@type":"Person","@id":"https:\/\/aeroganp.org\/#\/schema\/person\/6aee36d3adaf920c6ee370f37eb2bb70","name":"admin","image":{"@type":"ImageObject","inLanguage":"pt-PT","@id":"https:\/\/secure.gravatar.com\/avatar\/31b35e755ff2b0c34126176672a16bf183e7bd39af14ea92c4ba98c2ed012b2f?s=96&d=mm&r=g","url":"https:\/\/secure.gravatar.com\/avatar\/31b35e755ff2b0c34126176672a16bf183e7bd39af14ea92c4ba98c2ed012b2f?s=96&d=mm&r=g","contentUrl":"https:\/\/secure.gravatar.com\/avatar\/31b35e755ff2b0c34126176672a16bf183e7bd39af14ea92c4ba98c2ed012b2f?s=96&d=mm&r=g","caption":"admin"},"sameAs":["http:\/\/aeroganp.org"],"url":"https:\/\/aeroganp.org\/pt-pt\/author\/admin\/"}]}},"_links":{"self":[{"href":"https:\/\/aeroganp.org\/pt-pt\/wp-json\/wp\/v2\/posts\/2236","targetHints":{"allow":["GET"]}}],"collection":[{"href":"https:\/\/aeroganp.org\/pt-pt\/wp-json\/wp\/v2\/posts"}],"about":[{"href":"https:\/\/aeroganp.org\/pt-pt\/wp-json\/wp\/v2\/types\/post"}],"author":[{"embeddable":true,"href":"https:\/\/aeroganp.org\/pt-pt\/wp-json\/wp\/v2\/users\/1"}],"replies":[{"embeddable":true,"href":"https:\/\/aeroganp.org\/pt-pt\/wp-json\/wp\/v2\/comments?post=2236"}],"version-history":[{"count":0,"href":"https:\/\/aeroganp.org\/pt-pt\/wp-json\/wp\/v2\/posts\/2236\/revisions"}],"wp:featuredmedia":[{"embeddable":true,"href":"https:\/\/aeroganp.org\/pt-pt\/wp-json\/wp\/v2\/media\/2221"}],"wp:attachment":[{"href":"https:\/\/aeroganp.org\/pt-pt\/wp-json\/wp\/v2\/media?parent=2236"}],"wp:term":[{"taxonomy":"category","embeddable":true,"href":"https:\/\/aeroganp.org\/pt-pt\/wp-json\/wp\/v2\/categories?post=2236"},{"taxonomy":"post_tag","embeddable":true,"href":"https:\/\/aeroganp.org\/pt-pt\/wp-json\/wp\/v2\/tags?post=2236"}],"curies":[{"name":"wp","href":"https:\/\/api.w.org\/{rel}","templated":true}]}}