{"id":2196,"date":"2025-10-03T07:54:23","date_gmt":"2025-10-03T07:54:23","guid":{"rendered":"https:\/\/aeroganp.org\/a-feira-virtual-de-emprego-da-coiae-reunira-empresas-do-setor-aeronautico\/"},"modified":"2025-10-03T08:00:17","modified_gmt":"2025-10-03T08:00:17","slug":"a-feira-virtual-de-emprego-da-coiae-reunira-empresas-do-setor-aeronautico","status":"publish","type":"post","link":"https:\/\/aeroganp.org\/pt-pt\/a-feira-virtual-de-emprego-da-coiae-reunira-empresas-do-setor-aeronautico\/","title":{"rendered":"A feira virtual de emprego da COIAE reunir\u00e1 empresas do setor aeron\u00e1utico"},"content":{"rendered":"\n<p>O Col\u00e9gio Oficial de <strong>Engenheiros Aeron\u00e1uticos<\/strong> de Espanha <strong>(COIAE)<\/strong> celebra, nos dias 8 e 9 de outubro, a sua primeira <strong>feira virtual de emprego<\/strong> destinada a recrutar engenheiros do setor aeron\u00e1utico. O evento conta com a participa\u00e7\u00e3o de importantes empresas e institui\u00e7\u00f5es, como Indra Sistemas, Viarium Ingenier\u00eda, INECO, o Minist\u00e9rio dos Transportes e Mobilidade Sustent\u00e1vel, AENA, Airbus e DHV Tecnolog\u00eda Espacial. <\/p>\n\n<p>O objetivo da feira \u00e9 oferecer oportunidades de emprego e mudan\u00e7as profissionais a engenheiros e estudantes, abrindo um <strong>espa\u00e7o virtual de contacto direto entre candidatos e recrutadores.<\/strong> A plataforma estar\u00e1 dispon\u00edvel para membros e pr\u00e9-membros das 08h00 \u00e0s 18h00. <\/p>\n\n<p>Durante esses dias, <strong>as empresas realizar\u00e3o processos de sele\u00e7\u00e3o abertos por meio de stands virtuais e apresenta\u00e7\u00f5es online.<\/strong> Os participantes poder\u00e3o enviar seus curr\u00edculos, interagir por chat e v\u00eddeo chat e obter informa\u00e7\u00f5es detalhadas sobre as vagas oferecidas. <strong>Algumas empresas ter\u00e3o representantes em tempo real<\/strong> para responder diretamente aos visitantes, promovendo uma experi\u00eancia din\u00e2mica na busca por talentos especializados para o setor aeron\u00e1utico. <\/p>\n\n<p><strong>Fonte da not\u00edcia: <a href=\"https:\/\/www.airline92.com\/noticias\/formacion\/contratacion\/feria-virtual-empleo-coiae-reunira-empresas-sector-aeronautico\/\">airline92.com<\/a><\/strong><\/p>\n\n<p><\/p>\n","protected":false},"excerpt":{"rendered":"<p>O Col\u00e9gio Oficial de Engenheiros Aeron\u00e1uticos de Espanha (COIAE) celebra, nos dias 8 e 9 de outubro, a sua primeira feira virtual de emprego destinada a recrutar engenheiros do setor aeron\u00e1utico. O evento conta com a participa\u00e7\u00e3o de importantes empresas e institui\u00e7\u00f5es, como Indra Sistemas, Viarium Ingenier\u00eda, INECO, o Minist\u00e9rio dos Transportes e Mobilidade Sustent\u00e1vel, [&hellip;]<\/p>\n","protected":false},"author":1,"featured_media":2194,"comment_status":"closed","ping_status":"open","sticky":false,"template":"","format":"standard","meta":{"_acf_changed":false,"footnotes":""},"categories":[18],"tags":[],"class_list":["post-2196","post","type-post","status-publish","format-standard","has-post-thumbnail","hentry","category-noticias-pt-pt"],"acf":[],"yoast_head":"<!-- This site is optimized with the Yoast SEO plugin v27.5 - https:\/\/yoast.com\/product\/yoast-seo-wordpress\/ -->\n<title>A feira virtual de emprego da COIAE reunir\u00e1 empresas do setor aeron\u00e1utico - AeroGanp<\/title>\n<meta name=\"robots\" content=\"index, follow, max-snippet:-1, max-image-preview:large, max-video-preview:-1\" \/>\n<link rel=\"canonical\" href=\"https:\/\/aeroganp.org\/pt-pt\/a-feira-virtual-de-emprego-da-coiae-reunira-empresas-do-setor-aeronautico\/\" \/>\n<meta property=\"og:locale\" content=\"pt_PT\" \/>\n<meta property=\"og:type\" content=\"article\" \/>\n<meta property=\"og:title\" content=\"A feira virtual de emprego da COIAE reunir\u00e1 empresas do setor aeron\u00e1utico - AeroGanp\" \/>\n<meta property=\"og:description\" content=\"O Col\u00e9gio Oficial de Engenheiros Aeron\u00e1uticos de Espanha (COIAE) celebra, nos dias 8 e 9 de outubro, a sua primeira feira virtual de emprego destinada a recrutar engenheiros do setor aeron\u00e1utico. O evento conta com a participa\u00e7\u00e3o de importantes empresas e institui\u00e7\u00f5es, como Indra Sistemas, Viarium Ingenier\u00eda, INECO, o Minist\u00e9rio dos Transportes e Mobilidade Sustent\u00e1vel, [&hellip;]\" \/>\n<meta property=\"og:url\" content=\"https:\/\/aeroganp.org\/pt-pt\/a-feira-virtual-de-emprego-da-coiae-reunira-empresas-do-setor-aeronautico\/\" \/>\n<meta property=\"og:site_name\" content=\"AeroGanp\" \/>\n<meta property=\"article:publisher\" content=\"https:\/\/www.facebook.com\/poctepaeroganp\/\" \/>\n<meta property=\"article:published_time\" content=\"2025-10-03T07:54:23+00:00\" \/>\n<meta property=\"article:modified_time\" content=\"2025-10-03T08:00:17+00:00\" \/>\n<meta property=\"og:image\" content=\"https:\/\/aeroganp.org\/wp-content\/uploads\/2025\/10\/foto-articulo-fichero_10740_20251002.webp8007000.webp\" \/>\n\t<meta property=\"og:image:width\" content=\"800\" \/>\n\t<meta property=\"og:image:height\" content=\"450\" \/>\n\t<meta property=\"og:image:type\" content=\"image\/webp\" \/>\n<meta name=\"author\" content=\"admin\" \/>\n<meta name=\"twitter:card\" content=\"summary_large_image\" \/>\n<meta name=\"twitter:label1\" content=\"Escrito por\" \/>\n\t<meta name=\"twitter:data1\" content=\"admin\" \/>\n\t<meta name=\"twitter:label2\" content=\"Tempo estimado de leitura\" \/>\n\t<meta name=\"twitter:data2\" content=\"1 minuto\" \/>\n<script type=\"application\/ld+json\" class=\"yoast-schema-graph\">{\"@context\":\"https:\\\/\\\/schema.org\",\"@graph\":[{\"@type\":\"Article\",\"@id\":\"https:\\\/\\\/aeroganp.org\\\/pt-pt\\\/a-feira-virtual-de-emprego-da-coiae-reunira-empresas-do-setor-aeronautico\\\/#article\",\"isPartOf\":{\"@id\":\"https:\\\/\\\/aeroganp.org\\\/pt-pt\\\/a-feira-virtual-de-emprego-da-coiae-reunira-empresas-do-setor-aeronautico\\\/\"},\"author\":{\"name\":\"admin\",\"@id\":\"https:\\\/\\\/aeroganp.org\\\/#\\\/schema\\\/person\\\/6aee36d3adaf920c6ee370f37eb2bb70\"},\"headline\":\"A feira virtual de emprego da COIAE reunir\u00e1 empresas do setor aeron\u00e1utico\",\"datePublished\":\"2025-10-03T07:54:23+00:00\",\"dateModified\":\"2025-10-03T08:00:17+00:00\",\"mainEntityOfPage\":{\"@id\":\"https:\\\/\\\/aeroganp.org\\\/pt-pt\\\/a-feira-virtual-de-emprego-da-coiae-reunira-empresas-do-setor-aeronautico\\\/\"},\"wordCount\":203,\"publisher\":{\"@id\":\"https:\\\/\\\/aeroganp.org\\\/#organization\"},\"image\":{\"@id\":\"https:\\\/\\\/aeroganp.org\\\/pt-pt\\\/a-feira-virtual-de-emprego-da-coiae-reunira-empresas-do-setor-aeronautico\\\/#primaryimage\"},\"thumbnailUrl\":\"https:\\\/\\\/aeroganp.org\\\/wp-content\\\/uploads\\\/2025\\\/10\\\/foto-articulo-fichero_10740_20251002.webp8007000.webp\",\"articleSection\":[\"Not\u00edcias\"],\"inLanguage\":\"pt-PT\"},{\"@type\":\"WebPage\",\"@id\":\"https:\\\/\\\/aeroganp.org\\\/pt-pt\\\/a-feira-virtual-de-emprego-da-coiae-reunira-empresas-do-setor-aeronautico\\\/\",\"url\":\"https:\\\/\\\/aeroganp.org\\\/pt-pt\\\/a-feira-virtual-de-emprego-da-coiae-reunira-empresas-do-setor-aeronautico\\\/\",\"name\":\"A feira virtual de emprego da COIAE reunir\u00e1 empresas do setor aeron\u00e1utico - AeroGanp\",\"isPartOf\":{\"@id\":\"https:\\\/\\\/aeroganp.org\\\/#website\"},\"primaryImageOfPage\":{\"@id\":\"https:\\\/\\\/aeroganp.org\\\/pt-pt\\\/a-feira-virtual-de-emprego-da-coiae-reunira-empresas-do-setor-aeronautico\\\/#primaryimage\"},\"image\":{\"@id\":\"https:\\\/\\\/aeroganp.org\\\/pt-pt\\\/a-feira-virtual-de-emprego-da-coiae-reunira-empresas-do-setor-aeronautico\\\/#primaryimage\"},\"thumbnailUrl\":\"https:\\\/\\\/aeroganp.org\\\/wp-content\\\/uploads\\\/2025\\\/10\\\/foto-articulo-fichero_10740_20251002.webp8007000.webp\",\"datePublished\":\"2025-10-03T07:54:23+00:00\",\"dateModified\":\"2025-10-03T08:00:17+00:00\",\"breadcrumb\":{\"@id\":\"https:\\\/\\\/aeroganp.org\\\/pt-pt\\\/a-feira-virtual-de-emprego-da-coiae-reunira-empresas-do-setor-aeronautico\\\/#breadcrumb\"},\"inLanguage\":\"pt-PT\",\"potentialAction\":[{\"@type\":\"ReadAction\",\"target\":[\"https:\\\/\\\/aeroganp.org\\\/pt-pt\\\/a-feira-virtual-de-emprego-da-coiae-reunira-empresas-do-setor-aeronautico\\\/\"]}]},{\"@type\":\"ImageObject\",\"inLanguage\":\"pt-PT\",\"@id\":\"https:\\\/\\\/aeroganp.org\\\/pt-pt\\\/a-feira-virtual-de-emprego-da-coiae-reunira-empresas-do-setor-aeronautico\\\/#primaryimage\",\"url\":\"https:\\\/\\\/aeroganp.org\\\/wp-content\\\/uploads\\\/2025\\\/10\\\/foto-articulo-fichero_10740_20251002.webp8007000.webp\",\"contentUrl\":\"https:\\\/\\\/aeroganp.org\\\/wp-content\\\/uploads\\\/2025\\\/10\\\/foto-articulo-fichero_10740_20251002.webp8007000.webp\",\"width\":800,\"height\":450},{\"@type\":\"BreadcrumbList\",\"@id\":\"https:\\\/\\\/aeroganp.org\\\/pt-pt\\\/a-feira-virtual-de-emprego-da-coiae-reunira-empresas-do-setor-aeronautico\\\/#breadcrumb\",\"itemListElement\":[{\"@type\":\"ListItem\",\"position\":1,\"name\":\"Portada\",\"item\":\"https:\\\/\\\/aeroganp.org\\\/pt-pt\\\/home\\\/\"},{\"@type\":\"ListItem\",\"position\":2,\"name\":\"A feira virtual de emprego da COIAE reunir\u00e1 empresas do setor aeron\u00e1utico\"}]},{\"@type\":\"WebSite\",\"@id\":\"https:\\\/\\\/aeroganp.org\\\/#website\",\"url\":\"https:\\\/\\\/aeroganp.org\\\/\",\"name\":\"AeroGanp\",\"description\":\"POCTEP PROJECT 2023-2026\",\"publisher\":{\"@id\":\"https:\\\/\\\/aeroganp.org\\\/#organization\"},\"potentialAction\":[{\"@type\":\"SearchAction\",\"target\":{\"@type\":\"EntryPoint\",\"urlTemplate\":\"https:\\\/\\\/aeroganp.org\\\/?s={search_term_string}\"},\"query-input\":{\"@type\":\"PropertyValueSpecification\",\"valueRequired\":true,\"valueName\":\"search_term_string\"}}],\"inLanguage\":\"pt-PT\"},{\"@type\":\"Organization\",\"@id\":\"https:\\\/\\\/aeroganp.org\\\/#organization\",\"name\":\"AeroGanp\",\"url\":\"https:\\\/\\\/aeroganp.org\\\/\",\"logo\":{\"@type\":\"ImageObject\",\"inLanguage\":\"pt-PT\",\"@id\":\"https:\\\/\\\/aeroganp.org\\\/#\\\/schema\\\/logo\\\/image\\\/\",\"url\":\"https:\\\/\\\/aeroganp.org\\\/wp-content\\\/uploads\\\/2023\\\/11\\\/logotipo-aeroganp.svg\",\"contentUrl\":\"https:\\\/\\\/aeroganp.org\\\/wp-content\\\/uploads\\\/2023\\\/11\\\/logotipo-aeroganp.svg\",\"width\":841,\"height\":169,\"caption\":\"AeroGanp\"},\"image\":{\"@id\":\"https:\\\/\\\/aeroganp.org\\\/#\\\/schema\\\/logo\\\/image\\\/\"},\"sameAs\":[\"https:\\\/\\\/www.facebook.com\\\/poctepaeroganp\\\/\",\"https:\\\/\\\/www.instagram.com\\\/poctepaeroganp\\\/\"]},{\"@type\":\"Person\",\"@id\":\"https:\\\/\\\/aeroganp.org\\\/#\\\/schema\\\/person\\\/6aee36d3adaf920c6ee370f37eb2bb70\",\"name\":\"admin\",\"image\":{\"@type\":\"ImageObject\",\"inLanguage\":\"pt-PT\",\"@id\":\"https:\\\/\\\/secure.gravatar.com\\\/avatar\\\/31b35e755ff2b0c34126176672a16bf183e7bd39af14ea92c4ba98c2ed012b2f?s=96&d=mm&r=g\",\"url\":\"https:\\\/\\\/secure.gravatar.com\\\/avatar\\\/31b35e755ff2b0c34126176672a16bf183e7bd39af14ea92c4ba98c2ed012b2f?s=96&d=mm&r=g\",\"contentUrl\":\"https:\\\/\\\/secure.gravatar.com\\\/avatar\\\/31b35e755ff2b0c34126176672a16bf183e7bd39af14ea92c4ba98c2ed012b2f?s=96&d=mm&r=g\",\"caption\":\"admin\"},\"sameAs\":[\"http:\\\/\\\/aeroganp.org\"],\"url\":\"https:\\\/\\\/aeroganp.org\\\/pt-pt\\\/author\\\/admin\\\/\"}]}<\/script>\n<!-- \/ Yoast SEO plugin. -->","yoast_head_json":{"title":"A feira virtual de emprego da COIAE reunir\u00e1 empresas do setor aeron\u00e1utico - AeroGanp","robots":{"index":"index","follow":"follow","max-snippet":"max-snippet:-1","max-image-preview":"max-image-preview:large","max-video-preview":"max-video-preview:-1"},"canonical":"https:\/\/aeroganp.org\/pt-pt\/a-feira-virtual-de-emprego-da-coiae-reunira-empresas-do-setor-aeronautico\/","og_locale":"pt_PT","og_type":"article","og_title":"A feira virtual de emprego da COIAE reunir\u00e1 empresas do setor aeron\u00e1utico - AeroGanp","og_description":"O Col\u00e9gio Oficial de Engenheiros Aeron\u00e1uticos de Espanha (COIAE) celebra, nos dias 8 e 9 de outubro, a sua primeira feira virtual de emprego destinada a recrutar engenheiros do setor aeron\u00e1utico. O evento conta com a participa\u00e7\u00e3o de importantes empresas e institui\u00e7\u00f5es, como Indra Sistemas, Viarium Ingenier\u00eda, INECO, o Minist\u00e9rio dos Transportes e Mobilidade Sustent\u00e1vel, [&hellip;]","og_url":"https:\/\/aeroganp.org\/pt-pt\/a-feira-virtual-de-emprego-da-coiae-reunira-empresas-do-setor-aeronautico\/","og_site_name":"AeroGanp","article_publisher":"https:\/\/www.facebook.com\/poctepaeroganp\/","article_published_time":"2025-10-03T07:54:23+00:00","article_modified_time":"2025-10-03T08:00:17+00:00","og_image":[{"width":800,"height":450,"url":"https:\/\/aeroganp.org\/wp-content\/uploads\/2025\/10\/foto-articulo-fichero_10740_20251002.webp8007000.webp","type":"image\/webp"}],"author":"admin","twitter_card":"summary_large_image","twitter_misc":{"Escrito por":"admin","Tempo estimado de leitura":"1 minuto"},"schema":{"@context":"https:\/\/schema.org","@graph":[{"@type":"Article","@id":"https:\/\/aeroganp.org\/pt-pt\/a-feira-virtual-de-emprego-da-coiae-reunira-empresas-do-setor-aeronautico\/#article","isPartOf":{"@id":"https:\/\/aeroganp.org\/pt-pt\/a-feira-virtual-de-emprego-da-coiae-reunira-empresas-do-setor-aeronautico\/"},"author":{"name":"admin","@id":"https:\/\/aeroganp.org\/#\/schema\/person\/6aee36d3adaf920c6ee370f37eb2bb70"},"headline":"A feira virtual de emprego da COIAE reunir\u00e1 empresas do setor aeron\u00e1utico","datePublished":"2025-10-03T07:54:23+00:00","dateModified":"2025-10-03T08:00:17+00:00","mainEntityOfPage":{"@id":"https:\/\/aeroganp.org\/pt-pt\/a-feira-virtual-de-emprego-da-coiae-reunira-empresas-do-setor-aeronautico\/"},"wordCount":203,"publisher":{"@id":"https:\/\/aeroganp.org\/#organization"},"image":{"@id":"https:\/\/aeroganp.org\/pt-pt\/a-feira-virtual-de-emprego-da-coiae-reunira-empresas-do-setor-aeronautico\/#primaryimage"},"thumbnailUrl":"https:\/\/aeroganp.org\/wp-content\/uploads\/2025\/10\/foto-articulo-fichero_10740_20251002.webp8007000.webp","articleSection":["Not\u00edcias"],"inLanguage":"pt-PT"},{"@type":"WebPage","@id":"https:\/\/aeroganp.org\/pt-pt\/a-feira-virtual-de-emprego-da-coiae-reunira-empresas-do-setor-aeronautico\/","url":"https:\/\/aeroganp.org\/pt-pt\/a-feira-virtual-de-emprego-da-coiae-reunira-empresas-do-setor-aeronautico\/","name":"A feira virtual de emprego da COIAE reunir\u00e1 empresas do setor aeron\u00e1utico - AeroGanp","isPartOf":{"@id":"https:\/\/aeroganp.org\/#website"},"primaryImageOfPage":{"@id":"https:\/\/aeroganp.org\/pt-pt\/a-feira-virtual-de-emprego-da-coiae-reunira-empresas-do-setor-aeronautico\/#primaryimage"},"image":{"@id":"https:\/\/aeroganp.org\/pt-pt\/a-feira-virtual-de-emprego-da-coiae-reunira-empresas-do-setor-aeronautico\/#primaryimage"},"thumbnailUrl":"https:\/\/aeroganp.org\/wp-content\/uploads\/2025\/10\/foto-articulo-fichero_10740_20251002.webp8007000.webp","datePublished":"2025-10-03T07:54:23+00:00","dateModified":"2025-10-03T08:00:17+00:00","breadcrumb":{"@id":"https:\/\/aeroganp.org\/pt-pt\/a-feira-virtual-de-emprego-da-coiae-reunira-empresas-do-setor-aeronautico\/#breadcrumb"},"inLanguage":"pt-PT","potentialAction":[{"@type":"ReadAction","target":["https:\/\/aeroganp.org\/pt-pt\/a-feira-virtual-de-emprego-da-coiae-reunira-empresas-do-setor-aeronautico\/"]}]},{"@type":"ImageObject","inLanguage":"pt-PT","@id":"https:\/\/aeroganp.org\/pt-pt\/a-feira-virtual-de-emprego-da-coiae-reunira-empresas-do-setor-aeronautico\/#primaryimage","url":"https:\/\/aeroganp.org\/wp-content\/uploads\/2025\/10\/foto-articulo-fichero_10740_20251002.webp8007000.webp","contentUrl":"https:\/\/aeroganp.org\/wp-content\/uploads\/2025\/10\/foto-articulo-fichero_10740_20251002.webp8007000.webp","width":800,"height":450},{"@type":"BreadcrumbList","@id":"https:\/\/aeroganp.org\/pt-pt\/a-feira-virtual-de-emprego-da-coiae-reunira-empresas-do-setor-aeronautico\/#breadcrumb","itemListElement":[{"@type":"ListItem","position":1,"name":"Portada","item":"https:\/\/aeroganp.org\/pt-pt\/home\/"},{"@type":"ListItem","position":2,"name":"A feira virtual de emprego da COIAE reunir\u00e1 empresas do setor aeron\u00e1utico"}]},{"@type":"WebSite","@id":"https:\/\/aeroganp.org\/#website","url":"https:\/\/aeroganp.org\/","name":"AeroGanp","description":"POCTEP PROJECT 2023-2026","publisher":{"@id":"https:\/\/aeroganp.org\/#organization"},"potentialAction":[{"@type":"SearchAction","target":{"@type":"EntryPoint","urlTemplate":"https:\/\/aeroganp.org\/?s={search_term_string}"},"query-input":{"@type":"PropertyValueSpecification","valueRequired":true,"valueName":"search_term_string"}}],"inLanguage":"pt-PT"},{"@type":"Organization","@id":"https:\/\/aeroganp.org\/#organization","name":"AeroGanp","url":"https:\/\/aeroganp.org\/","logo":{"@type":"ImageObject","inLanguage":"pt-PT","@id":"https:\/\/aeroganp.org\/#\/schema\/logo\/image\/","url":"https:\/\/aeroganp.org\/wp-content\/uploads\/2023\/11\/logotipo-aeroganp.svg","contentUrl":"https:\/\/aeroganp.org\/wp-content\/uploads\/2023\/11\/logotipo-aeroganp.svg","width":841,"height":169,"caption":"AeroGanp"},"image":{"@id":"https:\/\/aeroganp.org\/#\/schema\/logo\/image\/"},"sameAs":["https:\/\/www.facebook.com\/poctepaeroganp\/","https:\/\/www.instagram.com\/poctepaeroganp\/"]},{"@type":"Person","@id":"https:\/\/aeroganp.org\/#\/schema\/person\/6aee36d3adaf920c6ee370f37eb2bb70","name":"admin","image":{"@type":"ImageObject","inLanguage":"pt-PT","@id":"https:\/\/secure.gravatar.com\/avatar\/31b35e755ff2b0c34126176672a16bf183e7bd39af14ea92c4ba98c2ed012b2f?s=96&d=mm&r=g","url":"https:\/\/secure.gravatar.com\/avatar\/31b35e755ff2b0c34126176672a16bf183e7bd39af14ea92c4ba98c2ed012b2f?s=96&d=mm&r=g","contentUrl":"https:\/\/secure.gravatar.com\/avatar\/31b35e755ff2b0c34126176672a16bf183e7bd39af14ea92c4ba98c2ed012b2f?s=96&d=mm&r=g","caption":"admin"},"sameAs":["http:\/\/aeroganp.org"],"url":"https:\/\/aeroganp.org\/pt-pt\/author\/admin\/"}]}},"_links":{"self":[{"href":"https:\/\/aeroganp.org\/pt-pt\/wp-json\/wp\/v2\/posts\/2196","targetHints":{"allow":["GET"]}}],"collection":[{"href":"https:\/\/aeroganp.org\/pt-pt\/wp-json\/wp\/v2\/posts"}],"about":[{"href":"https:\/\/aeroganp.org\/pt-pt\/wp-json\/wp\/v2\/types\/post"}],"author":[{"embeddable":true,"href":"https:\/\/aeroganp.org\/pt-pt\/wp-json\/wp\/v2\/users\/1"}],"replies":[{"embeddable":true,"href":"https:\/\/aeroganp.org\/pt-pt\/wp-json\/wp\/v2\/comments?post=2196"}],"version-history":[{"count":0,"href":"https:\/\/aeroganp.org\/pt-pt\/wp-json\/wp\/v2\/posts\/2196\/revisions"}],"wp:featuredmedia":[{"embeddable":true,"href":"https:\/\/aeroganp.org\/pt-pt\/wp-json\/wp\/v2\/media\/2194"}],"wp:attachment":[{"href":"https:\/\/aeroganp.org\/pt-pt\/wp-json\/wp\/v2\/media?parent=2196"}],"wp:term":[{"taxonomy":"category","embeddable":true,"href":"https:\/\/aeroganp.org\/pt-pt\/wp-json\/wp\/v2\/categories?post=2196"},{"taxonomy":"post_tag","embeddable":true,"href":"https:\/\/aeroganp.org\/pt-pt\/wp-json\/wp\/v2\/tags?post=2196"}],"curies":[{"name":"wp","href":"https:\/\/api.w.org\/{rel}","templated":true}]}}