{"id":2103,"date":"2025-05-28T20:04:00","date_gmt":"2025-05-28T20:04:00","guid":{"rendered":"https:\/\/aeroganp.org\/a-industria-aeroespacial-galega-fatura-25-mais-e-precisa-de-300-trabalhadores\/"},"modified":"2025-06-02T15:58:29","modified_gmt":"2025-06-02T15:58:29","slug":"a-industria-aeroespacial-galega-fatura-25-mais-e-precisa-de-300-trabalhadores","status":"publish","type":"post","link":"https:\/\/aeroganp.org\/pt-pt\/a-industria-aeroespacial-galega-fatura-25-mais-e-precisa-de-300-trabalhadores\/","title":{"rendered":"A ind\u00fastria aeroespacial galega fatura 25% mais e precisa de 300 trabalhadores"},"content":{"rendered":"\n<p><sub>O principal desafio \u00e9 atrair profissionais, pois precisam de 300: \u00abEstamos a perder 15% das encomendas devido \u00e0 falta de pessoal\u00bb<\/sub><\/p>\n\n<p>O <strong>setor aeroespacial galego<\/strong> tornou-se estrat\u00e9gico para a Galiza e est\u00e1 em plena atividade, com uma taxa de ocupa\u00e7\u00e3o de 90%. Encerrou 2023 com um crescimento de 25% no seu volume de neg\u00f3cios, atingindo 132 milh\u00f5es de euros, e um aumento de 5% no n\u00famero de empregados, chegando a 1.600 trabalhadores. Estes foram os dados divulgados na assembleia do <a href=\"http:\/\/www.atlantico.net\/articulo\/economia\/consorcio-aeronautico-gallego-preve-duplicar-certificaciones\/20141031113036444009.html\">Cons\u00f3rcio Aeroespacial Galego,<\/a> que ontem mudou oficialmente de nome. Anteriormente, era apenas aeron\u00e1utico, mas a ind\u00fastria cresceu e alcan\u00e7ou mais atividades da sua cadeia de valor, pelo que esta mudan\u00e7a responde mais fielmente \u00e0 realidade das mais de 30 empresas, centros tecnol\u00f3gicos e entidades de ponta que agrupa.  <\/p>\n\n<p>O presidente do Cons\u00f3rcio, Enrique Mall\u00f3n, explicou <strong>que entre os desafios que o setor enfrenta,<\/strong> al\u00e9m do solo industrial, destaca-se a falta de profissionais, algo que \u00e9 parcialmente compensado pelo curso de engenharia aeroespacial da Universidade de Vigo no seu campus de Ourense. Ainda assim, assegurou que \u00abestamos a perder 15% das encomendas futuras devido \u00e0 falta de pessoal qualificado\u00bb e acrescentou que \u00abprecisamos de um m\u00ednimo de 80 licenciados e 200 pessoas em termos de pessoal qualificado n\u00e3o licenciado\u00bb. <\/p>\n\n<p>Enrique Mall\u00f3n tamb\u00e9m destacou a forte capacidade <strong>exportadora desta ind\u00fastria,<\/strong> cujas exporta\u00e7\u00f5es aumentaram em 2023 para 35 milh\u00f5es de euros. \u00abH\u00e1 10 anos, esta ind\u00fastria descolou de forma muito potente na Galiza, quando, se olharmos duas d\u00e9cadas atr\u00e1s, praticamente n\u00e3o existia. O caminho que percorremos foi vertiginoso e a realidade \u00e9 que a Galiza \u00e9 hoje conhecida no mundo por ter fornecedores de primeiro n\u00edvel\u00bb. Mall\u00f3n fez uma men\u00e7\u00e3o especial \u00e0 crescente ind\u00fastria de drones e tamb\u00e9m ao enorme esfor\u00e7o e profissionaliza\u00e7\u00e3o das mais de 40 empresas e entidades <strong>que integram o Cons\u00f3rcio Aeroespacial Galego.<\/strong>  <\/p>\n\n<p>Os projetos com maior proje\u00e7\u00e3o para as empresas galegas s\u00e3o os relacionados com os drones, com a avia\u00e7\u00e3o comercial internacional, que est\u00e1 renovando sua frota e defesa, onde se espera um aumento de pedidos nos pr\u00f3ximos 5 anos.<\/p>\n\n<h2 class=\"wp-block-heading\">A Xunta trabalha em novas medidas de impulso<\/h2>\n\n<p>A diretora-geral de Estrat\u00e9gia Industrial e <strong>Solo Empresarial da Xunta, Margarita Ardao,<\/strong> esteve na assembleia do Cons\u00f3rcio Aeroespacial e explicou que \u00abestamos perante um setor que impulsionamos desde a Xunta h\u00e1 cinco anos atrav\u00e9s da Civil UAVS no Polo de Rozas, em Lugo, mas a verdade \u00e9 que, desde ent\u00e3o, a ind\u00fastria aeroespacial galega consolidou-se como um setor por si s\u00f3. Por isso, a partir da Xunta, vamos continuar a apoi\u00e1-la, construindo sobre o que j\u00e1 fizemos nesse Polo de Rozas, mas indo um passo al\u00e9m, agora a partir desta Conseller\u00eda de Estrat\u00e9gia Industrial. Queremos que esta ind\u00fastria continue a crescer com novas medidas, terrenos empresariais e novas iniciativas p\u00fablico-privadas que lhe permitam abrir-se a outras \u00e1reas e tecnologias e consolidar-se como setor estrat\u00e9gico para a Galiza\u00bb.<\/p>\n\n<p>Nesse sentido, tamb\u00e9m destacou que a Xunta est\u00e1 a trabalhar em <strong>novos instrumentos de colabora\u00e7\u00e3o<\/strong> e linhas de apoio para impulsionar o setor.<\/p>\n\n<h2 class=\"wp-block-heading\">A Zona Franca oferece os seus espa\u00e7os ao setor<\/h2>\n\n<p>O delegado do Estado no Cons\u00f3rcio da Zona Franca de Vigo, <strong>David Regades,<\/strong> participou na assembleia do Cons\u00f3rcio Aeroespacial Galego e destacou o grande potencial desta ind\u00fastria, convidando-a a beneficiar do apoio do CZFV, desde os seus espa\u00e7os de empreendedorismo at\u00e9 \u00e0 oferta de investimentos imobili\u00e1rios \u00e0 medida, que ajudam os projetos que precisam de crescer em espa\u00e7o em novas instala\u00e7\u00f5es e parques industriais. Recordou que a Zona Franca acolhe as empresas l\u00edderes do setor e, neste sentido, apontou os terrenos na Plisan ou os espa\u00e7os em Porto do Molle para acolher empresas. <\/p>\n\n<p>\u00abA rela\u00e7\u00e3o entre a empresa e a administra\u00e7\u00e3o \u00e9 fundamental, temos que <strong>continuar a trabalhar nessa colabora\u00e7\u00e3o p\u00fablico-privada<\/strong> e tamb\u00e9m entre administra\u00e7\u00f5es, especialmente neste momento em que os pertes est\u00e3o a chegar \u00e0 Galiza\u00bb, afirmou, depois de recordar que precisamente o Perte aeroespacial foi apresentado em Vigo.<\/p>\n\n<p><strong>Fonte da not\u00edcia:<\/strong> <a href=\"https:\/\/www.atlantico.net\/economia\/empresas-aeroespaciales-gallegas-crecen-25-facturacion_1_20240528-1121343.html\"><strong>Atl\u00e1ntico<\/strong><\/a><\/p>\n\n<p><\/p>\n","protected":false},"excerpt":{"rendered":"<p>O principal desafio \u00e9 atrair profissionais, pois precisam de 300: \u00abEstamos a perder 15% das encomendas devido \u00e0 falta de pessoal\u00bb O setor aeroespacial galego tornou-se estrat\u00e9gico para a Galiza e est\u00e1 em plena atividade, com uma taxa de ocupa\u00e7\u00e3o de 90%. Encerrou 2023 com um crescimento de 25% no seu volume de neg\u00f3cios, atingindo [&hellip;]<\/p>\n","protected":false},"author":1,"featured_media":2091,"comment_status":"closed","ping_status":"open","sticky":false,"template":"","format":"standard","meta":{"_acf_changed":false,"footnotes":""},"categories":[18],"tags":[],"class_list":["post-2103","post","type-post","status-publish","format-standard","has-post-thumbnail","hentry","category-noticias-pt-pt"],"acf":[],"yoast_head":"<!-- This site is optimized with the Yoast SEO plugin v27.5 - https:\/\/yoast.com\/product\/yoast-seo-wordpress\/ -->\n<title>A ind\u00fastria aeroespacial galega fatura 25% mais e precisa de 300 trabalhadores - AeroGanp<\/title>\n<meta name=\"robots\" content=\"index, follow, max-snippet:-1, max-image-preview:large, max-video-preview:-1\" \/>\n<link rel=\"canonical\" href=\"https:\/\/aeroganp.org\/pt-pt\/a-industria-aeroespacial-galega-fatura-25-mais-e-precisa-de-300-trabalhadores\/\" \/>\n<meta property=\"og:locale\" content=\"pt_PT\" \/>\n<meta property=\"og:type\" content=\"article\" \/>\n<meta property=\"og:title\" content=\"A ind\u00fastria aeroespacial galega fatura 25% mais e precisa de 300 trabalhadores - AeroGanp\" \/>\n<meta property=\"og:description\" content=\"O principal desafio \u00e9 atrair profissionais, pois precisam de 300: \u00abEstamos a perder 15% das encomendas devido \u00e0 falta de pessoal\u00bb O setor aeroespacial galego tornou-se estrat\u00e9gico para a Galiza e est\u00e1 em plena atividade, com uma taxa de ocupa\u00e7\u00e3o de 90%. Encerrou 2023 com um crescimento de 25% no seu volume de neg\u00f3cios, atingindo [&hellip;]\" \/>\n<meta property=\"og:url\" content=\"https:\/\/aeroganp.org\/pt-pt\/a-industria-aeroespacial-galega-fatura-25-mais-e-precisa-de-300-trabalhadores\/\" \/>\n<meta property=\"og:site_name\" content=\"AeroGanp\" \/>\n<meta property=\"article:publisher\" content=\"https:\/\/www.facebook.com\/poctepaeroganp\/\" \/>\n<meta property=\"article:published_time\" content=\"2025-05-28T20:04:00+00:00\" \/>\n<meta property=\"article:modified_time\" content=\"2025-06-02T15:58:29+00:00\" \/>\n<meta property=\"og:image\" content=\"https:\/\/aeroganp.org\/wp-content\/uploads\/2025\/06\/2d000666-ed14-48e1-8403-aad6b719610c_16-9-aspect-ratio_1600w_0.webp\" \/>\n\t<meta property=\"og:image:width\" content=\"1600\" \/>\n\t<meta property=\"og:image:height\" content=\"900\" \/>\n\t<meta property=\"og:image:type\" content=\"image\/webp\" \/>\n<meta name=\"author\" content=\"admin\" \/>\n<meta name=\"twitter:card\" content=\"summary_large_image\" \/>\n<meta name=\"twitter:label1\" content=\"Escrito por\" \/>\n\t<meta name=\"twitter:data1\" content=\"admin\" \/>\n\t<meta name=\"twitter:label2\" content=\"Tempo estimado de leitura\" \/>\n\t<meta name=\"twitter:data2\" content=\"3 minutos\" \/>\n<script type=\"application\/ld+json\" class=\"yoast-schema-graph\">{\"@context\":\"https:\\\/\\\/schema.org\",\"@graph\":[{\"@type\":\"Article\",\"@id\":\"https:\\\/\\\/aeroganp.org\\\/pt-pt\\\/a-industria-aeroespacial-galega-fatura-25-mais-e-precisa-de-300-trabalhadores\\\/#article\",\"isPartOf\":{\"@id\":\"https:\\\/\\\/aeroganp.org\\\/pt-pt\\\/a-industria-aeroespacial-galega-fatura-25-mais-e-precisa-de-300-trabalhadores\\\/\"},\"author\":{\"name\":\"admin\",\"@id\":\"https:\\\/\\\/aeroganp.org\\\/#\\\/schema\\\/person\\\/6aee36d3adaf920c6ee370f37eb2bb70\"},\"headline\":\"A ind\u00fastria aeroespacial galega fatura 25% mais e precisa de 300 trabalhadores\",\"datePublished\":\"2025-05-28T20:04:00+00:00\",\"dateModified\":\"2025-06-02T15:58:29+00:00\",\"mainEntityOfPage\":{\"@id\":\"https:\\\/\\\/aeroganp.org\\\/pt-pt\\\/a-industria-aeroespacial-galega-fatura-25-mais-e-precisa-de-300-trabalhadores\\\/\"},\"wordCount\":703,\"publisher\":{\"@id\":\"https:\\\/\\\/aeroganp.org\\\/#organization\"},\"image\":{\"@id\":\"https:\\\/\\\/aeroganp.org\\\/pt-pt\\\/a-industria-aeroespacial-galega-fatura-25-mais-e-precisa-de-300-trabalhadores\\\/#primaryimage\"},\"thumbnailUrl\":\"https:\\\/\\\/aeroganp.org\\\/wp-content\\\/uploads\\\/2025\\\/06\\\/2d000666-ed14-48e1-8403-aad6b719610c_16-9-aspect-ratio_1600w_0.webp\",\"articleSection\":[\"Not\u00edcias\"],\"inLanguage\":\"pt-PT\"},{\"@type\":\"WebPage\",\"@id\":\"https:\\\/\\\/aeroganp.org\\\/pt-pt\\\/a-industria-aeroespacial-galega-fatura-25-mais-e-precisa-de-300-trabalhadores\\\/\",\"url\":\"https:\\\/\\\/aeroganp.org\\\/pt-pt\\\/a-industria-aeroespacial-galega-fatura-25-mais-e-precisa-de-300-trabalhadores\\\/\",\"name\":\"A ind\u00fastria aeroespacial galega fatura 25% mais e precisa de 300 trabalhadores - AeroGanp\",\"isPartOf\":{\"@id\":\"https:\\\/\\\/aeroganp.org\\\/#website\"},\"primaryImageOfPage\":{\"@id\":\"https:\\\/\\\/aeroganp.org\\\/pt-pt\\\/a-industria-aeroespacial-galega-fatura-25-mais-e-precisa-de-300-trabalhadores\\\/#primaryimage\"},\"image\":{\"@id\":\"https:\\\/\\\/aeroganp.org\\\/pt-pt\\\/a-industria-aeroespacial-galega-fatura-25-mais-e-precisa-de-300-trabalhadores\\\/#primaryimage\"},\"thumbnailUrl\":\"https:\\\/\\\/aeroganp.org\\\/wp-content\\\/uploads\\\/2025\\\/06\\\/2d000666-ed14-48e1-8403-aad6b719610c_16-9-aspect-ratio_1600w_0.webp\",\"datePublished\":\"2025-05-28T20:04:00+00:00\",\"dateModified\":\"2025-06-02T15:58:29+00:00\",\"breadcrumb\":{\"@id\":\"https:\\\/\\\/aeroganp.org\\\/pt-pt\\\/a-industria-aeroespacial-galega-fatura-25-mais-e-precisa-de-300-trabalhadores\\\/#breadcrumb\"},\"inLanguage\":\"pt-PT\",\"potentialAction\":[{\"@type\":\"ReadAction\",\"target\":[\"https:\\\/\\\/aeroganp.org\\\/pt-pt\\\/a-industria-aeroespacial-galega-fatura-25-mais-e-precisa-de-300-trabalhadores\\\/\"]}]},{\"@type\":\"ImageObject\",\"inLanguage\":\"pt-PT\",\"@id\":\"https:\\\/\\\/aeroganp.org\\\/pt-pt\\\/a-industria-aeroespacial-galega-fatura-25-mais-e-precisa-de-300-trabalhadores\\\/#primaryimage\",\"url\":\"https:\\\/\\\/aeroganp.org\\\/wp-content\\\/uploads\\\/2025\\\/06\\\/2d000666-ed14-48e1-8403-aad6b719610c_16-9-aspect-ratio_1600w_0.webp\",\"contentUrl\":\"https:\\\/\\\/aeroganp.org\\\/wp-content\\\/uploads\\\/2025\\\/06\\\/2d000666-ed14-48e1-8403-aad6b719610c_16-9-aspect-ratio_1600w_0.webp\",\"width\":1600,\"height\":900},{\"@type\":\"BreadcrumbList\",\"@id\":\"https:\\\/\\\/aeroganp.org\\\/pt-pt\\\/a-industria-aeroespacial-galega-fatura-25-mais-e-precisa-de-300-trabalhadores\\\/#breadcrumb\",\"itemListElement\":[{\"@type\":\"ListItem\",\"position\":1,\"name\":\"Portada\",\"item\":\"https:\\\/\\\/aeroganp.org\\\/pt-pt\\\/home\\\/\"},{\"@type\":\"ListItem\",\"position\":2,\"name\":\"A ind\u00fastria aeroespacial galega fatura 25% mais e precisa de 300 trabalhadores\"}]},{\"@type\":\"WebSite\",\"@id\":\"https:\\\/\\\/aeroganp.org\\\/#website\",\"url\":\"https:\\\/\\\/aeroganp.org\\\/\",\"name\":\"AeroGanp\",\"description\":\"POCTEP PROJECT 2023-2026\",\"publisher\":{\"@id\":\"https:\\\/\\\/aeroganp.org\\\/#organization\"},\"potentialAction\":[{\"@type\":\"SearchAction\",\"target\":{\"@type\":\"EntryPoint\",\"urlTemplate\":\"https:\\\/\\\/aeroganp.org\\\/?s={search_term_string}\"},\"query-input\":{\"@type\":\"PropertyValueSpecification\",\"valueRequired\":true,\"valueName\":\"search_term_string\"}}],\"inLanguage\":\"pt-PT\"},{\"@type\":\"Organization\",\"@id\":\"https:\\\/\\\/aeroganp.org\\\/#organization\",\"name\":\"AeroGanp\",\"url\":\"https:\\\/\\\/aeroganp.org\\\/\",\"logo\":{\"@type\":\"ImageObject\",\"inLanguage\":\"pt-PT\",\"@id\":\"https:\\\/\\\/aeroganp.org\\\/#\\\/schema\\\/logo\\\/image\\\/\",\"url\":\"https:\\\/\\\/aeroganp.org\\\/wp-content\\\/uploads\\\/2023\\\/11\\\/logotipo-aeroganp.svg\",\"contentUrl\":\"https:\\\/\\\/aeroganp.org\\\/wp-content\\\/uploads\\\/2023\\\/11\\\/logotipo-aeroganp.svg\",\"width\":841,\"height\":169,\"caption\":\"AeroGanp\"},\"image\":{\"@id\":\"https:\\\/\\\/aeroganp.org\\\/#\\\/schema\\\/logo\\\/image\\\/\"},\"sameAs\":[\"https:\\\/\\\/www.facebook.com\\\/poctepaeroganp\\\/\",\"https:\\\/\\\/www.instagram.com\\\/poctepaeroganp\\\/\"]},{\"@type\":\"Person\",\"@id\":\"https:\\\/\\\/aeroganp.org\\\/#\\\/schema\\\/person\\\/6aee36d3adaf920c6ee370f37eb2bb70\",\"name\":\"admin\",\"image\":{\"@type\":\"ImageObject\",\"inLanguage\":\"pt-PT\",\"@id\":\"https:\\\/\\\/secure.gravatar.com\\\/avatar\\\/31b35e755ff2b0c34126176672a16bf183e7bd39af14ea92c4ba98c2ed012b2f?s=96&d=mm&r=g\",\"url\":\"https:\\\/\\\/secure.gravatar.com\\\/avatar\\\/31b35e755ff2b0c34126176672a16bf183e7bd39af14ea92c4ba98c2ed012b2f?s=96&d=mm&r=g\",\"contentUrl\":\"https:\\\/\\\/secure.gravatar.com\\\/avatar\\\/31b35e755ff2b0c34126176672a16bf183e7bd39af14ea92c4ba98c2ed012b2f?s=96&d=mm&r=g\",\"caption\":\"admin\"},\"sameAs\":[\"http:\\\/\\\/aeroganp.org\"],\"url\":\"https:\\\/\\\/aeroganp.org\\\/pt-pt\\\/author\\\/admin\\\/\"}]}<\/script>\n<!-- \/ Yoast SEO plugin. -->","yoast_head_json":{"title":"A ind\u00fastria aeroespacial galega fatura 25% mais e precisa de 300 trabalhadores - AeroGanp","robots":{"index":"index","follow":"follow","max-snippet":"max-snippet:-1","max-image-preview":"max-image-preview:large","max-video-preview":"max-video-preview:-1"},"canonical":"https:\/\/aeroganp.org\/pt-pt\/a-industria-aeroespacial-galega-fatura-25-mais-e-precisa-de-300-trabalhadores\/","og_locale":"pt_PT","og_type":"article","og_title":"A ind\u00fastria aeroespacial galega fatura 25% mais e precisa de 300 trabalhadores - AeroGanp","og_description":"O principal desafio \u00e9 atrair profissionais, pois precisam de 300: \u00abEstamos a perder 15% das encomendas devido \u00e0 falta de pessoal\u00bb O setor aeroespacial galego tornou-se estrat\u00e9gico para a Galiza e est\u00e1 em plena atividade, com uma taxa de ocupa\u00e7\u00e3o de 90%. Encerrou 2023 com um crescimento de 25% no seu volume de neg\u00f3cios, atingindo [&hellip;]","og_url":"https:\/\/aeroganp.org\/pt-pt\/a-industria-aeroespacial-galega-fatura-25-mais-e-precisa-de-300-trabalhadores\/","og_site_name":"AeroGanp","article_publisher":"https:\/\/www.facebook.com\/poctepaeroganp\/","article_published_time":"2025-05-28T20:04:00+00:00","article_modified_time":"2025-06-02T15:58:29+00:00","og_image":[{"width":1600,"height":900,"url":"https:\/\/aeroganp.org\/wp-content\/uploads\/2025\/06\/2d000666-ed14-48e1-8403-aad6b719610c_16-9-aspect-ratio_1600w_0.webp","type":"image\/webp"}],"author":"admin","twitter_card":"summary_large_image","twitter_misc":{"Escrito por":"admin","Tempo estimado de leitura":"3 minutos"},"schema":{"@context":"https:\/\/schema.org","@graph":[{"@type":"Article","@id":"https:\/\/aeroganp.org\/pt-pt\/a-industria-aeroespacial-galega-fatura-25-mais-e-precisa-de-300-trabalhadores\/#article","isPartOf":{"@id":"https:\/\/aeroganp.org\/pt-pt\/a-industria-aeroespacial-galega-fatura-25-mais-e-precisa-de-300-trabalhadores\/"},"author":{"name":"admin","@id":"https:\/\/aeroganp.org\/#\/schema\/person\/6aee36d3adaf920c6ee370f37eb2bb70"},"headline":"A ind\u00fastria aeroespacial galega fatura 25% mais e precisa de 300 trabalhadores","datePublished":"2025-05-28T20:04:00+00:00","dateModified":"2025-06-02T15:58:29+00:00","mainEntityOfPage":{"@id":"https:\/\/aeroganp.org\/pt-pt\/a-industria-aeroespacial-galega-fatura-25-mais-e-precisa-de-300-trabalhadores\/"},"wordCount":703,"publisher":{"@id":"https:\/\/aeroganp.org\/#organization"},"image":{"@id":"https:\/\/aeroganp.org\/pt-pt\/a-industria-aeroespacial-galega-fatura-25-mais-e-precisa-de-300-trabalhadores\/#primaryimage"},"thumbnailUrl":"https:\/\/aeroganp.org\/wp-content\/uploads\/2025\/06\/2d000666-ed14-48e1-8403-aad6b719610c_16-9-aspect-ratio_1600w_0.webp","articleSection":["Not\u00edcias"],"inLanguage":"pt-PT"},{"@type":"WebPage","@id":"https:\/\/aeroganp.org\/pt-pt\/a-industria-aeroespacial-galega-fatura-25-mais-e-precisa-de-300-trabalhadores\/","url":"https:\/\/aeroganp.org\/pt-pt\/a-industria-aeroespacial-galega-fatura-25-mais-e-precisa-de-300-trabalhadores\/","name":"A ind\u00fastria aeroespacial galega fatura 25% mais e precisa de 300 trabalhadores - AeroGanp","isPartOf":{"@id":"https:\/\/aeroganp.org\/#website"},"primaryImageOfPage":{"@id":"https:\/\/aeroganp.org\/pt-pt\/a-industria-aeroespacial-galega-fatura-25-mais-e-precisa-de-300-trabalhadores\/#primaryimage"},"image":{"@id":"https:\/\/aeroganp.org\/pt-pt\/a-industria-aeroespacial-galega-fatura-25-mais-e-precisa-de-300-trabalhadores\/#primaryimage"},"thumbnailUrl":"https:\/\/aeroganp.org\/wp-content\/uploads\/2025\/06\/2d000666-ed14-48e1-8403-aad6b719610c_16-9-aspect-ratio_1600w_0.webp","datePublished":"2025-05-28T20:04:00+00:00","dateModified":"2025-06-02T15:58:29+00:00","breadcrumb":{"@id":"https:\/\/aeroganp.org\/pt-pt\/a-industria-aeroespacial-galega-fatura-25-mais-e-precisa-de-300-trabalhadores\/#breadcrumb"},"inLanguage":"pt-PT","potentialAction":[{"@type":"ReadAction","target":["https:\/\/aeroganp.org\/pt-pt\/a-industria-aeroespacial-galega-fatura-25-mais-e-precisa-de-300-trabalhadores\/"]}]},{"@type":"ImageObject","inLanguage":"pt-PT","@id":"https:\/\/aeroganp.org\/pt-pt\/a-industria-aeroespacial-galega-fatura-25-mais-e-precisa-de-300-trabalhadores\/#primaryimage","url":"https:\/\/aeroganp.org\/wp-content\/uploads\/2025\/06\/2d000666-ed14-48e1-8403-aad6b719610c_16-9-aspect-ratio_1600w_0.webp","contentUrl":"https:\/\/aeroganp.org\/wp-content\/uploads\/2025\/06\/2d000666-ed14-48e1-8403-aad6b719610c_16-9-aspect-ratio_1600w_0.webp","width":1600,"height":900},{"@type":"BreadcrumbList","@id":"https:\/\/aeroganp.org\/pt-pt\/a-industria-aeroespacial-galega-fatura-25-mais-e-precisa-de-300-trabalhadores\/#breadcrumb","itemListElement":[{"@type":"ListItem","position":1,"name":"Portada","item":"https:\/\/aeroganp.org\/pt-pt\/home\/"},{"@type":"ListItem","position":2,"name":"A ind\u00fastria aeroespacial galega fatura 25% mais e precisa de 300 trabalhadores"}]},{"@type":"WebSite","@id":"https:\/\/aeroganp.org\/#website","url":"https:\/\/aeroganp.org\/","name":"AeroGanp","description":"POCTEP PROJECT 2023-2026","publisher":{"@id":"https:\/\/aeroganp.org\/#organization"},"potentialAction":[{"@type":"SearchAction","target":{"@type":"EntryPoint","urlTemplate":"https:\/\/aeroganp.org\/?s={search_term_string}"},"query-input":{"@type":"PropertyValueSpecification","valueRequired":true,"valueName":"search_term_string"}}],"inLanguage":"pt-PT"},{"@type":"Organization","@id":"https:\/\/aeroganp.org\/#organization","name":"AeroGanp","url":"https:\/\/aeroganp.org\/","logo":{"@type":"ImageObject","inLanguage":"pt-PT","@id":"https:\/\/aeroganp.org\/#\/schema\/logo\/image\/","url":"https:\/\/aeroganp.org\/wp-content\/uploads\/2023\/11\/logotipo-aeroganp.svg","contentUrl":"https:\/\/aeroganp.org\/wp-content\/uploads\/2023\/11\/logotipo-aeroganp.svg","width":841,"height":169,"caption":"AeroGanp"},"image":{"@id":"https:\/\/aeroganp.org\/#\/schema\/logo\/image\/"},"sameAs":["https:\/\/www.facebook.com\/poctepaeroganp\/","https:\/\/www.instagram.com\/poctepaeroganp\/"]},{"@type":"Person","@id":"https:\/\/aeroganp.org\/#\/schema\/person\/6aee36d3adaf920c6ee370f37eb2bb70","name":"admin","image":{"@type":"ImageObject","inLanguage":"pt-PT","@id":"https:\/\/secure.gravatar.com\/avatar\/31b35e755ff2b0c34126176672a16bf183e7bd39af14ea92c4ba98c2ed012b2f?s=96&d=mm&r=g","url":"https:\/\/secure.gravatar.com\/avatar\/31b35e755ff2b0c34126176672a16bf183e7bd39af14ea92c4ba98c2ed012b2f?s=96&d=mm&r=g","contentUrl":"https:\/\/secure.gravatar.com\/avatar\/31b35e755ff2b0c34126176672a16bf183e7bd39af14ea92c4ba98c2ed012b2f?s=96&d=mm&r=g","caption":"admin"},"sameAs":["http:\/\/aeroganp.org"],"url":"https:\/\/aeroganp.org\/pt-pt\/author\/admin\/"}]}},"_links":{"self":[{"href":"https:\/\/aeroganp.org\/pt-pt\/wp-json\/wp\/v2\/posts\/2103","targetHints":{"allow":["GET"]}}],"collection":[{"href":"https:\/\/aeroganp.org\/pt-pt\/wp-json\/wp\/v2\/posts"}],"about":[{"href":"https:\/\/aeroganp.org\/pt-pt\/wp-json\/wp\/v2\/types\/post"}],"author":[{"embeddable":true,"href":"https:\/\/aeroganp.org\/pt-pt\/wp-json\/wp\/v2\/users\/1"}],"replies":[{"embeddable":true,"href":"https:\/\/aeroganp.org\/pt-pt\/wp-json\/wp\/v2\/comments?post=2103"}],"version-history":[{"count":0,"href":"https:\/\/aeroganp.org\/pt-pt\/wp-json\/wp\/v2\/posts\/2103\/revisions"}],"wp:featuredmedia":[{"embeddable":true,"href":"https:\/\/aeroganp.org\/pt-pt\/wp-json\/wp\/v2\/media\/2091"}],"wp:attachment":[{"href":"https:\/\/aeroganp.org\/pt-pt\/wp-json\/wp\/v2\/media?parent=2103"}],"wp:term":[{"taxonomy":"category","embeddable":true,"href":"https:\/\/aeroganp.org\/pt-pt\/wp-json\/wp\/v2\/categories?post=2103"},{"taxonomy":"post_tag","embeddable":true,"href":"https:\/\/aeroganp.org\/pt-pt\/wp-json\/wp\/v2\/tags?post=2103"}],"curies":[{"name":"wp","href":"https:\/\/api.w.org\/{rel}","templated":true}]}}