{"id":2079,"date":"2025-04-25T11:22:01","date_gmt":"2025-04-25T11:22:01","guid":{"rendered":"https:\/\/aeroganp.org\/o-projeto-poctep-aeroganp-reve-as-suas-linhas-de-acao-e-avanca-no-desenvolvimento-das-atividades-na-nona-reuniao-do-consorcio\/"},"modified":"2025-05-08T11:59:50","modified_gmt":"2025-05-08T11:59:50","slug":"o-projeto-poctep-aeroganp-reve-as-suas-linhas-de-acao-e-avanca-no-desenvolvimento-das-atividades-na-nona-reuniao-do-consorcio","status":"publish","type":"post","link":"https:\/\/aeroganp.org\/pt-pt\/o-projeto-poctep-aeroganp-reve-as-suas-linhas-de-acao-e-avanca-no-desenvolvimento-das-atividades-na-nona-reuniao-do-consorcio\/","title":{"rendered":"O cons\u00f3rcio AEROGANP celebra a sua nona reuni\u00e3o para analisar os progressos alcan\u00e7ados e planear os pr\u00f3ximos passos no impulso aeroespacial da Eurorregi\u00e3o"},"content":{"rendered":"\n<p>No passado dia 22 de abril, o cons\u00f3rcio do projeto POCTEP AEROGANP realizou a sua nona reuni\u00e3o de parceiros nas instala\u00e7\u00f5es do INESC TEC, situadas no Campus da Faculdade de Engenharia da Universidade do Porto.<\/p>\n\n<p>A jornada foi estruturada em torno de dois blocos principais: por um lado, a apresenta\u00e7\u00e3o das novidades pelo Secretariado Conjunto do Programa Interreg Espanha-Portugal (POCTEP); e, por outro, a apresenta\u00e7\u00e3o dos avan\u00e7os pelos parceiros nas diferentes linhas de trabalho.<\/p>\n\n<p>O <strong>CAG<\/strong> apresentou os avan\u00e7os no desenvolvimento do<strong> mapa online de capacidades,<\/strong> uma ferramenta interativa que permite explorar as compet\u00eancias tecnol\u00f3gicas do territ\u00f3rio atrav\u00e9s de filtros por tipo de entidade e especializa\u00e7\u00e3o. Atualmente, est\u00e1-se a trabalhar na sua integra\u00e7\u00e3o no site do projeto. <\/p>\n\n<p>Por otro lado, la <strong>Direcci\u00f3n Xeral de Estratexia Industrial e Solo Empresarial (DXEISE)<\/strong> ha asumido la responsabilidad de la organizaci\u00f3n del <strong>foro de presentaci\u00f3n de resultados<\/strong> y ya se encuentra trabajando en su planificaci\u00f3n para garantizar una ejecuci\u00f3n eficaz, pese a su incorporaci\u00f3n reciente al consorcio.<\/p>\n\n<p>No \u00e2mbito da conce\u00e7\u00e3o de projetos demonstrativos conjuntos, foram apresentados v\u00e1rios avan\u00e7os nos tr\u00eas projetos-piloto t\u00e9cnicos:<\/p>\n\n<ul class=\"wp-block-list\">\n<li><strong>Piloto 1:<\/strong> A <strong>Universidade de Vigo (UVIGO)<\/strong> lidera o projeto conceitual do sistema de comunica\u00e7\u00e3o \u00f3tica em espa\u00e7os abertos, com o apoio da <strong>GRADIANT<\/strong> e do <strong>INESC TEC.<\/strong> Foram realizados testes com laser, desenvolvidos sistemas de posicionamento tridimensional e coordenada a integra\u00e7\u00e3o com redes 5G, incluindo um prot\u00f3tipo funcional montado num drone. <\/li>\n\n\n\n<li><strong>Piloto 2: <\/strong>A <strong>Universidade da Coru\u00f1a (UDC)<\/strong> e o <strong>ITG<\/strong> est\u00e3o focados no demonstrador voltado para manobras de aterragem de emerg\u00eancia em plataformas mar\u00edtimas. Foram geradas condi\u00e7\u00f5es simuladas de ondula\u00e7\u00e3o, est\u00e3o a ser testados sensores e algoritmos e foi desenvolvida uma plataforma de compensa\u00e7\u00e3o de movimentos com simuladores e ferramentas de controlo em tempo real. <\/li>\n\n\n\n<li><strong>Piloto 3:<\/strong> A <strong>Universidade de Santiago de Compostela (USC)<\/strong> apresentou avan\u00e7os em tecnologias de navega\u00e7\u00e3o a\u00e9rea com drones em cen\u00e1rios interiores sem GPS, atrav\u00e9s de vis\u00e3o artificial, redes neurais e drones de arquitetura aberta equipados com sensores avan\u00e7ados.<\/li>\n<\/ul>\n\n<p>Tamb\u00e9m foram feitos avan\u00e7os no projeto de um <strong>sistema de big data aeroespacial <\/strong>liderado pela <strong>Universidade do Minho. <\/strong>Esse sistema inclui esta\u00e7\u00f5es terrestres com antenas controladas por SDR, bases de dados geoespaciais para monitorar a vegeta\u00e7\u00e3o por meio do \u00edndice NDVI e uma estrutura replic\u00e1vel que garante sua escalabilidade na regi\u00e3o. <\/p>\n\n<p>Em rela\u00e7\u00e3o \u00e0 valida\u00e7\u00e3o e demonstra\u00e7\u00e3o em ambiente real das tecnologias desenvolvidas, o <strong>INESC TEC<\/strong>, em colabora\u00e7\u00e3o com o <strong>ITG<\/strong> e a <strong>UMINHO,<\/strong> iniciou a prepara\u00e7\u00e3o de um <strong>ambiente funcional de testes.<\/strong> Al\u00e9m de avan\u00e7ar no desenvolvimento e implementa\u00e7\u00e3o de diferentes solu\u00e7\u00f5es tecnol\u00f3gicas focadas em aterragens aut\u00f3nomas e navega\u00e7\u00e3o baseada em intelig\u00eancia artificial. Desta forma, est\u00e1-se a trabalhar em:  <\/p>\n\n<ul class=\"wp-block-list\">\n<li>A modelagem CAD do navio para simula\u00e7\u00f5es.<\/li>\n\n\n\n<li>A integra\u00e7\u00e3o de dados de sensores reais em sistemas ROS.<\/li>\n\n\n\n<li>A cria\u00e7\u00e3o de um sistema de aterragem aut\u00f3nomo para drones DJI.<\/li>\n\n\n\n<li>O desenvolvimento de uma esta\u00e7\u00e3o de acoplamento h\u00edbrida para UAVs e solu\u00e7\u00f5es de navega\u00e7\u00e3o aut\u00f3noma atrav\u00e9s de aprendizagem por refor\u00e7o profundo (DRL).<\/li>\n<\/ul>\n\n<p>Por \u00faltimo, cabe destacar que a <strong>Universidade de Santiago de Compostela <\/strong>est\u00e1 a trabalhar na concep\u00e7\u00e3o e organiza\u00e7\u00e3o de uma atividade formativa de car\u00e1ter cient\u00edfico-tecnol\u00f3gico. Assim, est\u00e1 prevista a realiza\u00e7\u00e3o de um curso especializado, com data estimada para janeiro de 2026. <\/p>\n\n<p><strong>Pr\u00f3xima reuni\u00e3o<\/strong><\/p>\n\n<p>Foi acordado que a pr\u00f3xima reuni\u00e3o dos parceiros do projeto AEROGANP ser\u00e1 realizada online dentro de aproximadamente tr\u00eas meses, com data a ser definida.<\/p>\n\n<p>O projeto Aeroganp \u00e9 cofinanciado pelo Fundo Europeu de Desenvolvimento Regional (FEDER) atrav\u00e9s do Programa Interreg VI Espanha-Portugal (POCTEP) 2021-2027.<\/p>\n\n<p><\/p>\n","protected":false},"excerpt":{"rendered":"<p>No passado dia 22 de abril, o cons\u00f3rcio do projeto POCTEP AEROGANP realizou a sua nona reuni\u00e3o de parceiros nas instala\u00e7\u00f5es do INESC TEC, situadas no Campus da Faculdade de Engenharia da Universidade do Porto. A jornada foi estruturada em torno de dois blocos principais: por um lado, a apresenta\u00e7\u00e3o das novidades pelo Secretariado Conjunto [&hellip;]<\/p>\n","protected":false},"author":1,"featured_media":2075,"comment_status":"closed","ping_status":"open","sticky":false,"template":"","format":"standard","meta":{"_acf_changed":false,"footnotes":""},"categories":[18],"tags":[],"class_list":["post-2079","post","type-post","status-publish","format-standard","has-post-thumbnail","hentry","category-noticias-pt-pt"],"acf":[],"yoast_head":"<!-- This site is optimized with the Yoast SEO plugin v27.5 - https:\/\/yoast.com\/product\/yoast-seo-wordpress\/ -->\n<title>O cons\u00f3rcio AEROGANP celebra a sua nona reuni\u00e3o para analisar os progressos alcan\u00e7ados e planear os pr\u00f3ximos passos no impulso aeroespacial da Eurorregi\u00e3o - AeroGanp<\/title>\n<meta name=\"robots\" content=\"index, follow, max-snippet:-1, max-image-preview:large, max-video-preview:-1\" \/>\n<link rel=\"canonical\" href=\"https:\/\/aeroganp.org\/pt-pt\/o-projeto-poctep-aeroganp-reve-as-suas-linhas-de-acao-e-avanca-no-desenvolvimento-das-atividades-na-nona-reuniao-do-consorcio\/\" \/>\n<meta property=\"og:locale\" content=\"pt_PT\" \/>\n<meta property=\"og:type\" content=\"article\" \/>\n<meta property=\"og:title\" content=\"O cons\u00f3rcio AEROGANP celebra a sua nona reuni\u00e3o para analisar os progressos alcan\u00e7ados e planear os pr\u00f3ximos passos no impulso aeroespacial da Eurorregi\u00e3o - AeroGanp\" \/>\n<meta property=\"og:description\" content=\"No passado dia 22 de abril, o cons\u00f3rcio do projeto POCTEP AEROGANP realizou a sua nona reuni\u00e3o de parceiros nas instala\u00e7\u00f5es do INESC TEC, situadas no Campus da Faculdade de Engenharia da Universidade do Porto. A jornada foi estruturada em torno de dois blocos principais: por um lado, a apresenta\u00e7\u00e3o das novidades pelo Secretariado Conjunto [&hellip;]\" \/>\n<meta property=\"og:url\" content=\"https:\/\/aeroganp.org\/pt-pt\/o-projeto-poctep-aeroganp-reve-as-suas-linhas-de-acao-e-avanca-no-desenvolvimento-das-atividades-na-nona-reuniao-do-consorcio\/\" \/>\n<meta property=\"og:site_name\" content=\"AeroGanp\" \/>\n<meta property=\"article:publisher\" content=\"https:\/\/www.facebook.com\/poctepaeroganp\/\" \/>\n<meta property=\"article:published_time\" content=\"2025-04-25T11:22:01+00:00\" \/>\n<meta property=\"article:modified_time\" content=\"2025-05-08T11:59:50+00:00\" \/>\n<meta property=\"og:image\" content=\"https:\/\/aeroganp.org\/wp-content\/uploads\/2025\/05\/Imagen1-1-1.jpg\" \/>\n\t<meta property=\"og:image:width\" content=\"1194\" \/>\n\t<meta property=\"og:image:height\" content=\"800\" \/>\n\t<meta property=\"og:image:type\" content=\"image\/jpeg\" \/>\n<meta name=\"author\" content=\"admin\" \/>\n<meta name=\"twitter:card\" content=\"summary_large_image\" \/>\n<meta name=\"twitter:label1\" content=\"Escrito por\" \/>\n\t<meta name=\"twitter:data1\" content=\"admin\" \/>\n\t<meta name=\"twitter:label2\" content=\"Tempo estimado de leitura\" \/>\n\t<meta name=\"twitter:data2\" content=\"3 minutos\" \/>\n<script type=\"application\/ld+json\" class=\"yoast-schema-graph\">{\"@context\":\"https:\\\/\\\/schema.org\",\"@graph\":[{\"@type\":\"Article\",\"@id\":\"https:\\\/\\\/aeroganp.org\\\/pt-pt\\\/o-projeto-poctep-aeroganp-reve-as-suas-linhas-de-acao-e-avanca-no-desenvolvimento-das-atividades-na-nona-reuniao-do-consorcio\\\/#article\",\"isPartOf\":{\"@id\":\"https:\\\/\\\/aeroganp.org\\\/pt-pt\\\/o-projeto-poctep-aeroganp-reve-as-suas-linhas-de-acao-e-avanca-no-desenvolvimento-das-atividades-na-nona-reuniao-do-consorcio\\\/\"},\"author\":{\"name\":\"admin\",\"@id\":\"https:\\\/\\\/aeroganp.org\\\/#\\\/schema\\\/person\\\/6aee36d3adaf920c6ee370f37eb2bb70\"},\"headline\":\"O cons\u00f3rcio AEROGANP celebra a sua nona reuni\u00e3o para analisar os progressos alcan\u00e7ados e planear os pr\u00f3ximos passos no impulso aeroespacial da Eurorregi\u00e3o\",\"datePublished\":\"2025-04-25T11:22:01+00:00\",\"dateModified\":\"2025-05-08T11:59:50+00:00\",\"mainEntityOfPage\":{\"@id\":\"https:\\\/\\\/aeroganp.org\\\/pt-pt\\\/o-projeto-poctep-aeroganp-reve-as-suas-linhas-de-acao-e-avanca-no-desenvolvimento-das-atividades-na-nona-reuniao-do-consorcio\\\/\"},\"wordCount\":679,\"publisher\":{\"@id\":\"https:\\\/\\\/aeroganp.org\\\/#organization\"},\"image\":{\"@id\":\"https:\\\/\\\/aeroganp.org\\\/pt-pt\\\/o-projeto-poctep-aeroganp-reve-as-suas-linhas-de-acao-e-avanca-no-desenvolvimento-das-atividades-na-nona-reuniao-do-consorcio\\\/#primaryimage\"},\"thumbnailUrl\":\"https:\\\/\\\/aeroganp.org\\\/wp-content\\\/uploads\\\/2025\\\/05\\\/Imagen1-1-1.jpg\",\"articleSection\":[\"Not\u00edcias\"],\"inLanguage\":\"pt-PT\"},{\"@type\":\"WebPage\",\"@id\":\"https:\\\/\\\/aeroganp.org\\\/pt-pt\\\/o-projeto-poctep-aeroganp-reve-as-suas-linhas-de-acao-e-avanca-no-desenvolvimento-das-atividades-na-nona-reuniao-do-consorcio\\\/\",\"url\":\"https:\\\/\\\/aeroganp.org\\\/pt-pt\\\/o-projeto-poctep-aeroganp-reve-as-suas-linhas-de-acao-e-avanca-no-desenvolvimento-das-atividades-na-nona-reuniao-do-consorcio\\\/\",\"name\":\"O cons\u00f3rcio AEROGANP celebra a sua nona reuni\u00e3o para analisar os progressos alcan\u00e7ados e planear os pr\u00f3ximos passos no impulso aeroespacial da Eurorregi\u00e3o - AeroGanp\",\"isPartOf\":{\"@id\":\"https:\\\/\\\/aeroganp.org\\\/#website\"},\"primaryImageOfPage\":{\"@id\":\"https:\\\/\\\/aeroganp.org\\\/pt-pt\\\/o-projeto-poctep-aeroganp-reve-as-suas-linhas-de-acao-e-avanca-no-desenvolvimento-das-atividades-na-nona-reuniao-do-consorcio\\\/#primaryimage\"},\"image\":{\"@id\":\"https:\\\/\\\/aeroganp.org\\\/pt-pt\\\/o-projeto-poctep-aeroganp-reve-as-suas-linhas-de-acao-e-avanca-no-desenvolvimento-das-atividades-na-nona-reuniao-do-consorcio\\\/#primaryimage\"},\"thumbnailUrl\":\"https:\\\/\\\/aeroganp.org\\\/wp-content\\\/uploads\\\/2025\\\/05\\\/Imagen1-1-1.jpg\",\"datePublished\":\"2025-04-25T11:22:01+00:00\",\"dateModified\":\"2025-05-08T11:59:50+00:00\",\"breadcrumb\":{\"@id\":\"https:\\\/\\\/aeroganp.org\\\/pt-pt\\\/o-projeto-poctep-aeroganp-reve-as-suas-linhas-de-acao-e-avanca-no-desenvolvimento-das-atividades-na-nona-reuniao-do-consorcio\\\/#breadcrumb\"},\"inLanguage\":\"pt-PT\",\"potentialAction\":[{\"@type\":\"ReadAction\",\"target\":[\"https:\\\/\\\/aeroganp.org\\\/pt-pt\\\/o-projeto-poctep-aeroganp-reve-as-suas-linhas-de-acao-e-avanca-no-desenvolvimento-das-atividades-na-nona-reuniao-do-consorcio\\\/\"]}]},{\"@type\":\"ImageObject\",\"inLanguage\":\"pt-PT\",\"@id\":\"https:\\\/\\\/aeroganp.org\\\/pt-pt\\\/o-projeto-poctep-aeroganp-reve-as-suas-linhas-de-acao-e-avanca-no-desenvolvimento-das-atividades-na-nona-reuniao-do-consorcio\\\/#primaryimage\",\"url\":\"https:\\\/\\\/aeroganp.org\\\/wp-content\\\/uploads\\\/2025\\\/05\\\/Imagen1-1-1.jpg\",\"contentUrl\":\"https:\\\/\\\/aeroganp.org\\\/wp-content\\\/uploads\\\/2025\\\/05\\\/Imagen1-1-1.jpg\",\"width\":1194,\"height\":800},{\"@type\":\"BreadcrumbList\",\"@id\":\"https:\\\/\\\/aeroganp.org\\\/pt-pt\\\/o-projeto-poctep-aeroganp-reve-as-suas-linhas-de-acao-e-avanca-no-desenvolvimento-das-atividades-na-nona-reuniao-do-consorcio\\\/#breadcrumb\",\"itemListElement\":[{\"@type\":\"ListItem\",\"position\":1,\"name\":\"Portada\",\"item\":\"https:\\\/\\\/aeroganp.org\\\/pt-pt\\\/home\\\/\"},{\"@type\":\"ListItem\",\"position\":2,\"name\":\"O cons\u00f3rcio AEROGANP celebra a sua nona reuni\u00e3o para analisar os progressos alcan\u00e7ados e planear os pr\u00f3ximos passos no impulso aeroespacial da Eurorregi\u00e3o\"}]},{\"@type\":\"WebSite\",\"@id\":\"https:\\\/\\\/aeroganp.org\\\/#website\",\"url\":\"https:\\\/\\\/aeroganp.org\\\/\",\"name\":\"AeroGanp\",\"description\":\"POCTEP PROJECT 2023-2026\",\"publisher\":{\"@id\":\"https:\\\/\\\/aeroganp.org\\\/#organization\"},\"potentialAction\":[{\"@type\":\"SearchAction\",\"target\":{\"@type\":\"EntryPoint\",\"urlTemplate\":\"https:\\\/\\\/aeroganp.org\\\/?s={search_term_string}\"},\"query-input\":{\"@type\":\"PropertyValueSpecification\",\"valueRequired\":true,\"valueName\":\"search_term_string\"}}],\"inLanguage\":\"pt-PT\"},{\"@type\":\"Organization\",\"@id\":\"https:\\\/\\\/aeroganp.org\\\/#organization\",\"name\":\"AeroGanp\",\"url\":\"https:\\\/\\\/aeroganp.org\\\/\",\"logo\":{\"@type\":\"ImageObject\",\"inLanguage\":\"pt-PT\",\"@id\":\"https:\\\/\\\/aeroganp.org\\\/#\\\/schema\\\/logo\\\/image\\\/\",\"url\":\"https:\\\/\\\/aeroganp.org\\\/wp-content\\\/uploads\\\/2023\\\/11\\\/logotipo-aeroganp.svg\",\"contentUrl\":\"https:\\\/\\\/aeroganp.org\\\/wp-content\\\/uploads\\\/2023\\\/11\\\/logotipo-aeroganp.svg\",\"width\":841,\"height\":169,\"caption\":\"AeroGanp\"},\"image\":{\"@id\":\"https:\\\/\\\/aeroganp.org\\\/#\\\/schema\\\/logo\\\/image\\\/\"},\"sameAs\":[\"https:\\\/\\\/www.facebook.com\\\/poctepaeroganp\\\/\",\"https:\\\/\\\/www.instagram.com\\\/poctepaeroganp\\\/\"]},{\"@type\":\"Person\",\"@id\":\"https:\\\/\\\/aeroganp.org\\\/#\\\/schema\\\/person\\\/6aee36d3adaf920c6ee370f37eb2bb70\",\"name\":\"admin\",\"image\":{\"@type\":\"ImageObject\",\"inLanguage\":\"pt-PT\",\"@id\":\"https:\\\/\\\/secure.gravatar.com\\\/avatar\\\/31b35e755ff2b0c34126176672a16bf183e7bd39af14ea92c4ba98c2ed012b2f?s=96&d=mm&r=g\",\"url\":\"https:\\\/\\\/secure.gravatar.com\\\/avatar\\\/31b35e755ff2b0c34126176672a16bf183e7bd39af14ea92c4ba98c2ed012b2f?s=96&d=mm&r=g\",\"contentUrl\":\"https:\\\/\\\/secure.gravatar.com\\\/avatar\\\/31b35e755ff2b0c34126176672a16bf183e7bd39af14ea92c4ba98c2ed012b2f?s=96&d=mm&r=g\",\"caption\":\"admin\"},\"sameAs\":[\"http:\\\/\\\/aeroganp.org\"],\"url\":\"https:\\\/\\\/aeroganp.org\\\/pt-pt\\\/author\\\/admin\\\/\"}]}<\/script>\n<!-- \/ Yoast SEO plugin. -->","yoast_head_json":{"title":"O cons\u00f3rcio AEROGANP celebra a sua nona reuni\u00e3o para analisar os progressos alcan\u00e7ados e planear os pr\u00f3ximos passos no impulso aeroespacial da Eurorregi\u00e3o - AeroGanp","robots":{"index":"index","follow":"follow","max-snippet":"max-snippet:-1","max-image-preview":"max-image-preview:large","max-video-preview":"max-video-preview:-1"},"canonical":"https:\/\/aeroganp.org\/pt-pt\/o-projeto-poctep-aeroganp-reve-as-suas-linhas-de-acao-e-avanca-no-desenvolvimento-das-atividades-na-nona-reuniao-do-consorcio\/","og_locale":"pt_PT","og_type":"article","og_title":"O cons\u00f3rcio AEROGANP celebra a sua nona reuni\u00e3o para analisar os progressos alcan\u00e7ados e planear os pr\u00f3ximos passos no impulso aeroespacial da Eurorregi\u00e3o - AeroGanp","og_description":"No passado dia 22 de abril, o cons\u00f3rcio do projeto POCTEP AEROGANP realizou a sua nona reuni\u00e3o de parceiros nas instala\u00e7\u00f5es do INESC TEC, situadas no Campus da Faculdade de Engenharia da Universidade do Porto. A jornada foi estruturada em torno de dois blocos principais: por um lado, a apresenta\u00e7\u00e3o das novidades pelo Secretariado Conjunto [&hellip;]","og_url":"https:\/\/aeroganp.org\/pt-pt\/o-projeto-poctep-aeroganp-reve-as-suas-linhas-de-acao-e-avanca-no-desenvolvimento-das-atividades-na-nona-reuniao-do-consorcio\/","og_site_name":"AeroGanp","article_publisher":"https:\/\/www.facebook.com\/poctepaeroganp\/","article_published_time":"2025-04-25T11:22:01+00:00","article_modified_time":"2025-05-08T11:59:50+00:00","og_image":[{"width":1194,"height":800,"url":"https:\/\/aeroganp.org\/wp-content\/uploads\/2025\/05\/Imagen1-1-1.jpg","type":"image\/jpeg"}],"author":"admin","twitter_card":"summary_large_image","twitter_misc":{"Escrito por":"admin","Tempo estimado de leitura":"3 minutos"},"schema":{"@context":"https:\/\/schema.org","@graph":[{"@type":"Article","@id":"https:\/\/aeroganp.org\/pt-pt\/o-projeto-poctep-aeroganp-reve-as-suas-linhas-de-acao-e-avanca-no-desenvolvimento-das-atividades-na-nona-reuniao-do-consorcio\/#article","isPartOf":{"@id":"https:\/\/aeroganp.org\/pt-pt\/o-projeto-poctep-aeroganp-reve-as-suas-linhas-de-acao-e-avanca-no-desenvolvimento-das-atividades-na-nona-reuniao-do-consorcio\/"},"author":{"name":"admin","@id":"https:\/\/aeroganp.org\/#\/schema\/person\/6aee36d3adaf920c6ee370f37eb2bb70"},"headline":"O cons\u00f3rcio AEROGANP celebra a sua nona reuni\u00e3o para analisar os progressos alcan\u00e7ados e planear os pr\u00f3ximos passos no impulso aeroespacial da Eurorregi\u00e3o","datePublished":"2025-04-25T11:22:01+00:00","dateModified":"2025-05-08T11:59:50+00:00","mainEntityOfPage":{"@id":"https:\/\/aeroganp.org\/pt-pt\/o-projeto-poctep-aeroganp-reve-as-suas-linhas-de-acao-e-avanca-no-desenvolvimento-das-atividades-na-nona-reuniao-do-consorcio\/"},"wordCount":679,"publisher":{"@id":"https:\/\/aeroganp.org\/#organization"},"image":{"@id":"https:\/\/aeroganp.org\/pt-pt\/o-projeto-poctep-aeroganp-reve-as-suas-linhas-de-acao-e-avanca-no-desenvolvimento-das-atividades-na-nona-reuniao-do-consorcio\/#primaryimage"},"thumbnailUrl":"https:\/\/aeroganp.org\/wp-content\/uploads\/2025\/05\/Imagen1-1-1.jpg","articleSection":["Not\u00edcias"],"inLanguage":"pt-PT"},{"@type":"WebPage","@id":"https:\/\/aeroganp.org\/pt-pt\/o-projeto-poctep-aeroganp-reve-as-suas-linhas-de-acao-e-avanca-no-desenvolvimento-das-atividades-na-nona-reuniao-do-consorcio\/","url":"https:\/\/aeroganp.org\/pt-pt\/o-projeto-poctep-aeroganp-reve-as-suas-linhas-de-acao-e-avanca-no-desenvolvimento-das-atividades-na-nona-reuniao-do-consorcio\/","name":"O cons\u00f3rcio AEROGANP celebra a sua nona reuni\u00e3o para analisar os progressos alcan\u00e7ados e planear os pr\u00f3ximos passos no impulso aeroespacial da Eurorregi\u00e3o - AeroGanp","isPartOf":{"@id":"https:\/\/aeroganp.org\/#website"},"primaryImageOfPage":{"@id":"https:\/\/aeroganp.org\/pt-pt\/o-projeto-poctep-aeroganp-reve-as-suas-linhas-de-acao-e-avanca-no-desenvolvimento-das-atividades-na-nona-reuniao-do-consorcio\/#primaryimage"},"image":{"@id":"https:\/\/aeroganp.org\/pt-pt\/o-projeto-poctep-aeroganp-reve-as-suas-linhas-de-acao-e-avanca-no-desenvolvimento-das-atividades-na-nona-reuniao-do-consorcio\/#primaryimage"},"thumbnailUrl":"https:\/\/aeroganp.org\/wp-content\/uploads\/2025\/05\/Imagen1-1-1.jpg","datePublished":"2025-04-25T11:22:01+00:00","dateModified":"2025-05-08T11:59:50+00:00","breadcrumb":{"@id":"https:\/\/aeroganp.org\/pt-pt\/o-projeto-poctep-aeroganp-reve-as-suas-linhas-de-acao-e-avanca-no-desenvolvimento-das-atividades-na-nona-reuniao-do-consorcio\/#breadcrumb"},"inLanguage":"pt-PT","potentialAction":[{"@type":"ReadAction","target":["https:\/\/aeroganp.org\/pt-pt\/o-projeto-poctep-aeroganp-reve-as-suas-linhas-de-acao-e-avanca-no-desenvolvimento-das-atividades-na-nona-reuniao-do-consorcio\/"]}]},{"@type":"ImageObject","inLanguage":"pt-PT","@id":"https:\/\/aeroganp.org\/pt-pt\/o-projeto-poctep-aeroganp-reve-as-suas-linhas-de-acao-e-avanca-no-desenvolvimento-das-atividades-na-nona-reuniao-do-consorcio\/#primaryimage","url":"https:\/\/aeroganp.org\/wp-content\/uploads\/2025\/05\/Imagen1-1-1.jpg","contentUrl":"https:\/\/aeroganp.org\/wp-content\/uploads\/2025\/05\/Imagen1-1-1.jpg","width":1194,"height":800},{"@type":"BreadcrumbList","@id":"https:\/\/aeroganp.org\/pt-pt\/o-projeto-poctep-aeroganp-reve-as-suas-linhas-de-acao-e-avanca-no-desenvolvimento-das-atividades-na-nona-reuniao-do-consorcio\/#breadcrumb","itemListElement":[{"@type":"ListItem","position":1,"name":"Portada","item":"https:\/\/aeroganp.org\/pt-pt\/home\/"},{"@type":"ListItem","position":2,"name":"O cons\u00f3rcio AEROGANP celebra a sua nona reuni\u00e3o para analisar os progressos alcan\u00e7ados e planear os pr\u00f3ximos passos no impulso aeroespacial da Eurorregi\u00e3o"}]},{"@type":"WebSite","@id":"https:\/\/aeroganp.org\/#website","url":"https:\/\/aeroganp.org\/","name":"AeroGanp","description":"POCTEP PROJECT 2023-2026","publisher":{"@id":"https:\/\/aeroganp.org\/#organization"},"potentialAction":[{"@type":"SearchAction","target":{"@type":"EntryPoint","urlTemplate":"https:\/\/aeroganp.org\/?s={search_term_string}"},"query-input":{"@type":"PropertyValueSpecification","valueRequired":true,"valueName":"search_term_string"}}],"inLanguage":"pt-PT"},{"@type":"Organization","@id":"https:\/\/aeroganp.org\/#organization","name":"AeroGanp","url":"https:\/\/aeroganp.org\/","logo":{"@type":"ImageObject","inLanguage":"pt-PT","@id":"https:\/\/aeroganp.org\/#\/schema\/logo\/image\/","url":"https:\/\/aeroganp.org\/wp-content\/uploads\/2023\/11\/logotipo-aeroganp.svg","contentUrl":"https:\/\/aeroganp.org\/wp-content\/uploads\/2023\/11\/logotipo-aeroganp.svg","width":841,"height":169,"caption":"AeroGanp"},"image":{"@id":"https:\/\/aeroganp.org\/#\/schema\/logo\/image\/"},"sameAs":["https:\/\/www.facebook.com\/poctepaeroganp\/","https:\/\/www.instagram.com\/poctepaeroganp\/"]},{"@type":"Person","@id":"https:\/\/aeroganp.org\/#\/schema\/person\/6aee36d3adaf920c6ee370f37eb2bb70","name":"admin","image":{"@type":"ImageObject","inLanguage":"pt-PT","@id":"https:\/\/secure.gravatar.com\/avatar\/31b35e755ff2b0c34126176672a16bf183e7bd39af14ea92c4ba98c2ed012b2f?s=96&d=mm&r=g","url":"https:\/\/secure.gravatar.com\/avatar\/31b35e755ff2b0c34126176672a16bf183e7bd39af14ea92c4ba98c2ed012b2f?s=96&d=mm&r=g","contentUrl":"https:\/\/secure.gravatar.com\/avatar\/31b35e755ff2b0c34126176672a16bf183e7bd39af14ea92c4ba98c2ed012b2f?s=96&d=mm&r=g","caption":"admin"},"sameAs":["http:\/\/aeroganp.org"],"url":"https:\/\/aeroganp.org\/pt-pt\/author\/admin\/"}]}},"_links":{"self":[{"href":"https:\/\/aeroganp.org\/pt-pt\/wp-json\/wp\/v2\/posts\/2079","targetHints":{"allow":["GET"]}}],"collection":[{"href":"https:\/\/aeroganp.org\/pt-pt\/wp-json\/wp\/v2\/posts"}],"about":[{"href":"https:\/\/aeroganp.org\/pt-pt\/wp-json\/wp\/v2\/types\/post"}],"author":[{"embeddable":true,"href":"https:\/\/aeroganp.org\/pt-pt\/wp-json\/wp\/v2\/users\/1"}],"replies":[{"embeddable":true,"href":"https:\/\/aeroganp.org\/pt-pt\/wp-json\/wp\/v2\/comments?post=2079"}],"version-history":[{"count":0,"href":"https:\/\/aeroganp.org\/pt-pt\/wp-json\/wp\/v2\/posts\/2079\/revisions"}],"wp:featuredmedia":[{"embeddable":true,"href":"https:\/\/aeroganp.org\/pt-pt\/wp-json\/wp\/v2\/media\/2075"}],"wp:attachment":[{"href":"https:\/\/aeroganp.org\/pt-pt\/wp-json\/wp\/v2\/media?parent=2079"}],"wp:term":[{"taxonomy":"category","embeddable":true,"href":"https:\/\/aeroganp.org\/pt-pt\/wp-json\/wp\/v2\/categories?post=2079"},{"taxonomy":"post_tag","embeddable":true,"href":"https:\/\/aeroganp.org\/pt-pt\/wp-json\/wp\/v2\/tags?post=2079"}],"curies":[{"name":"wp","href":"https:\/\/api.w.org\/{rel}","templated":true}]}}